{"id":93584,"date":"2025-05-12T06:41:09","date_gmt":"2025-05-12T06:41:09","guid":{"rendered":"https:\/\/www.europesays.com\/fr\/93584\/"},"modified":"2025-05-12T06:41:09","modified_gmt":"2025-05-12T06:41:09","slug":"un-nouveau-rooftop-xxl-va-bientot-ouvrir-a-toulon","status":"publish","type":"post","link":"https:\/\/www.europesays.com\/fr\/93584\/","title":{"rendered":"Un nouveau rooftop XXL va bient\u00f4t ouvrir \u00e0 Toulon"},"content":{"rendered":"<p>Une <strong>vue imprenable sur les toits de Toulon et sur le Faron<\/strong>. Du mobilier color\u00e9. Une ambiance presque champ\u00eatre en c\u0153ur de ville. C\u2019est la (jolie) proposition faite par<strong> le lyc\u00e9e Anne-Sophie Pic<\/strong> avec son tout nouveau restaurant d\u2019application (o\u00f9 les \u00e9l\u00e8ves exercent concr\u00e8tement leur futur m\u00e9tier). <\/p>\n<p>\u00ab\u00a0C\u2019est le quatri\u00e8me de l\u2019\u00e9tablissement, explique Claire Stervinou la proviseur. Le concept est ici diff\u00e9rent. L\u2019ambiance sera plus lounge. Avec de la musique, des planches \u00e0 d\u00e9guster\u2026 Nos \u00e9l\u00e8ves en section sommellerie et mixologie seront au travail.\u00a0\u00bb Les lieux proposent une soixantaine de places assises dans un cadre exceptionnel. \u00ab\u00a0C\u2019est le plus grand rooftop de Toulon!\u00a0\u00bb, s\u2019enthousiasme la directrice de l\u2019\u00e9tablissement. <strong>500m2 pour l\u2019instant et ce n\u2019est pas fin<\/strong>i. Une deuxi\u00e8me tranche de travaux est pr\u00e9vue avec un am\u00e9nagement con\u00e7u par les \u00e9tudiants de l\u2019\u00c9cole sup\u00e9rieure d\u2019art et de design de TPM.<\/p>\n<p><strong>Un espace jusque-l\u00e0 inexploit\u00e9<\/strong><\/p>\n<p>\u00ab\u00a0Quel chemin parcouru! \u00c0 la construction de l\u2019\u00e9tablissement, cela devait servir de cour de r\u00e9cr\u00e9ation aux \u00e9l\u00e8ves. Cela ne s\u2019est jamais fait. C\u2019\u00e9tait un peu rest\u00e9 \u00e0 l\u2019abandon avant qu\u2019on y plante il y a quelques ann\u00e9es un potager et des agrumes. Nos \u00e9l\u00e8ves s\u2019en servent r\u00e9guli\u00e8rement.\u00a0\u00bb<\/p>\n<p>Pour tester \u00ab\u00a0La Terrasse gourmande\u00a0\u00bb, le grand public devra encore <strong>patienter quelques mois.<\/strong> Si l\u2019inauguration officielle a permis aux partenaires de la d\u00e9couvrir, l\u2019ouverture n\u2019est programm\u00e9e que pour <strong>septembre prochain<\/strong>. Et ce pour une raison toute simple: les \u00e9l\u00e8ves partent dans quelques jours en stage et en vacances!<\/p>\n<p>                                <strong>Trois autres restos<\/strong><\/p>\n<p>L\u2019id\u00e9e est simple : un vrai restaurant avec de vrais clients pour appr\u00e9hender au mieux son futur m\u00e9tier. C\u2019est l\u2019objectif des trois restaurants d\u2019application que compte actuellement le lyc\u00e9e Anne-Sophie Pic. \u00ab\u00a0C\u2019est une tr\u00e8s bonne fa\u00e7on pour nos \u00e9l\u00e8ves de s\u2019entra\u00eener. Ils sont dans des conditions r\u00e9elles\u00a0\u00bb, commente Claire Stervinou, la chef d\u2019\u00e9tablissement. C\u2019est aussi un bon plan pour les clients: on y d\u00e9guste des bons petits plats pour pas tr\u00e8s cher.<\/p>\n<p>Pour r\u00e9server: lyceepictoulon.fr.<\/p>\n","protected":false},"excerpt":{"rendered":"Une vue imprenable sur les toits de Toulon et sur le Faron. Du mobilier color\u00e9. Une ambiance presque&hellip;\n","protected":false},"author":2,"featured_media":93585,"comment_status":"","ping_status":"","sticky":false,"template":"","format":"standard","meta":{"footnotes":""},"categories":[9619],"tags":[1111,11,1777,674,1011,27,1661,1393,12,882,25,2310,3366],"class_list":{"0":"post-93584","1":"post","2":"type-post","3":"status-publish","4":"format-standard","5":"has-post-thumbnail","7":"category-toulon","8":"tag-actu","9":"tag-actualites","10":"tag-eu","11":"tag-europe","12":"tag-fr","13":"tag-france","14":"tag-gastronomie","15":"tag-loisirs","16":"tag-news","17":"tag-provence-alpes-cote-dazur","18":"tag-republique-francaise","19":"tag-toulon","20":"tag-vie-locale"},"share_on_mastodon":{"url":"https:\/\/pubeurope.com\/@fr\/114493501160342969","error":""},"_links":{"self":[{"href":"https:\/\/www.europesays.com\/fr\/wp-json\/wp\/v2\/posts\/93584","targetHints":{"allow":["GET"]}}],"collection":[{"href":"https:\/\/www.europesays.com\/fr\/wp-json\/wp\/v2\/posts"}],"about":[{"href":"https:\/\/www.europesays.com\/fr\/wp-json\/wp\/v2\/types\/post"}],"author":[{"embeddable":true,"href":"https:\/\/www.europesays.com\/fr\/wp-json\/wp\/v2\/users\/2"}],"replies":[{"embeddable":true,"href":"https:\/\/www.europesays.com\/fr\/wp-json\/wp\/v2\/comments?post=93584"}],"version-history":[{"count":0,"href":"https:\/\/www.europesays.com\/fr\/wp-json\/wp\/v2\/posts\/93584\/revisions"}],"wp:featuredmedia":[{"embeddable":true,"href":"https:\/\/www.europesays.com\/fr\/wp-json\/wp\/v2\/media\/93585"}],"wp:attachment":[{"href":"https:\/\/www.europesays.com\/fr\/wp-json\/wp\/v2\/media?parent=93584"}],"wp:term":[{"taxonomy":"category","embeddable":true,"href":"https:\/\/www.europesays.com\/fr\/wp-json\/wp\/v2\/categories?post=93584"},{"taxonomy":"post_tag","embeddable":true,"href":"https:\/\/www.europesays.com\/fr\/wp-json\/wp\/v2\/tags?post=93584"}],"curies":[{"name":"wp","href":"https:\/\/api.w.org\/{rel}","templated":true}]}}