{"id":935845,"date":"2026-05-16T03:45:17","date_gmt":"2026-05-16T03:45:17","guid":{"rendered":"https:\/\/www.europesays.com\/fr\/935845\/"},"modified":"2026-05-16T03:45:17","modified_gmt":"2026-05-16T03:45:17","slug":"decazeville-coupe-de-france-firmi-et-le-gua-simposent","status":"publish","type":"post","link":"https:\/\/www.europesays.com\/fr\/935845\/","title":{"rendered":"Decazeville. Coupe de France : Firmi et le Gua s\u2019imposent"},"content":{"rendered":"<p>Les coupe de France succ\u00e8de aux championnats d\u00e9partementaux. Plusieurs clubs du district de Decazeville y participent. Montbazens a battu Saint-Geniez puis a perdu contre Onet, d\u2019un tout petit point d\u2019\u00e9cart. Rulhe a chut\u00e9 face \u00e0 Olemps. Bouillac a \u00e9t\u00e9 \u00e9limin\u00e9 par R\u00e9quista. Penchot a subi la loi du plus fort contre Sainte-Genevi\u00e8ve. Livinhac \u00e9choue de peu face aux Coop\u00e9rateurs de Millau. Le Gua a domin\u00e9 Montlaur puis R\u00e9quista. Le Phoenix Decazeville a battu La Cavalerie avant de perdre contre Monteils. Viviez n\u2019a rien pu faire face \u00e0 Balaguier. Firmi s\u2019est impos\u00e9 face \u00e0 Carcenac puis Vailhourles. <\/p>\n<p>Les perdants au premier de la coupe de France sont engag\u00e9s en coupe du Comit\u00e9. Livinhac remporte le derby contre Penchot d\u2019un point d\u2019\u00e9cart. Bouillac se qualifie au d\u00e9triment de Montlaur. Viviez peut nourrir des regrets, se faisant \u00e9liminer de justesse face au Carladez. <\/p>\n<p>Prochains rendez-vous. Samedi 16 mai, 14 h 30, concours officiel en doublettes \u00e0 Bouillac. Jeudi 21 mai, premi\u00e8re journ\u00e9e du championnat par \u00e9quipes de club en v\u00e9t\u00e9rans. <\/p>\n","protected":false},"excerpt":{"rendered":"Les coupe de France succ\u00e8de aux championnats d\u00e9partementaux. Plusieurs clubs du district de Decazeville y participent. Montbazens a&hellip;\n","protected":false},"author":2,"featured_media":935846,"comment_status":"","ping_status":"","sticky":false,"template":"","format":"standard","meta":{"footnotes":"","_share_on_mastodon":"0"},"categories":[4],"tags":[11,18483,69132,1011,27,12,6426,25,517],"class_list":["post-935845","post","type-post","status-publish","format-standard","has-post-thumbnail","category-france","tag-actualites","tag-aveyron","tag-decazeville","tag-fr","tag-france","tag-news","tag-petanque","tag-republique-francaise","tag-sport"],"share_on_mastodon":{"url":"https:\/\/pubeurope.com\/@fr\/116582202243290414","error":""},"_links":{"self":[{"href":"https:\/\/www.europesays.com\/fr\/wp-json\/wp\/v2\/posts\/935845","targetHints":{"allow":["GET"]}}],"collection":[{"href":"https:\/\/www.europesays.com\/fr\/wp-json\/wp\/v2\/posts"}],"about":[{"href":"https:\/\/www.europesays.com\/fr\/wp-json\/wp\/v2\/types\/post"}],"author":[{"embeddable":true,"href":"https:\/\/www.europesays.com\/fr\/wp-json\/wp\/v2\/users\/2"}],"replies":[{"embeddable":true,"href":"https:\/\/www.europesays.com\/fr\/wp-json\/wp\/v2\/comments?post=935845"}],"version-history":[{"count":0,"href":"https:\/\/www.europesays.com\/fr\/wp-json\/wp\/v2\/posts\/935845\/revisions"}],"wp:featuredmedia":[{"embeddable":true,"href":"https:\/\/www.europesays.com\/fr\/wp-json\/wp\/v2\/media\/935846"}],"wp:attachment":[{"href":"https:\/\/www.europesays.com\/fr\/wp-json\/wp\/v2\/media?parent=935845"}],"wp:term":[{"taxonomy":"category","embeddable":true,"href":"https:\/\/www.europesays.com\/fr\/wp-json\/wp\/v2\/categories?post=935845"},{"taxonomy":"post_tag","embeddable":true,"href":"https:\/\/www.europesays.com\/fr\/wp-json\/wp\/v2\/tags?post=935845"}],"curies":[{"name":"wp","href":"https:\/\/api.w.org\/{rel}","templated":true}]}}