{"id":93588,"date":"2025-05-12T06:43:08","date_gmt":"2025-05-12T06:43:08","guid":{"rendered":"https:\/\/www.europesays.com\/fr\/93588\/"},"modified":"2025-05-12T06:43:08","modified_gmt":"2025-05-12T06:43:08","slug":"malagroy-affiche-son-envie-den-decoudre-a-palavas-les-flots-avenir","status":"publish","type":"post","link":"https:\/\/www.europesays.com\/fr\/93588\/","title":{"rendered":"Malagroy affiche son envie d&rsquo;en d\u00e9coudre \u00e0 Palavas-les-Flots (Avenir)"},"content":{"rendered":"<p><strong>Entr\u00e9e : 1 486 entr\u00e9es. Organisateur : CT Fiesta y toros. Pr\u00e9sident : J. Valentin. Raseteurs droitiers : A. Cadenas, Champetier, M. Foug\u00e8re (sort \u00e0 l&rsquo;entracte), Ouennouri. Raseteurs gauchers : Boujana, S. Ben Ammar, Benzegh, Gibert, Boualam (rentre au 4e). Tourneurs\u00a0: Villard, Toureau, Moine.<\/strong><\/p>\n<p>\u00c0 l&rsquo;\u00e9preuve de la grande piste palavasienne, les participants de cette affiche Avenir ont donn\u00e9 une bonne impression g\u00e9n\u00e9rale au large public. Se font le plus remarquer, Malagroy de Fabre-Mailhan pour sa vaillance spectaculaire et les raseteurs Ouennouri et Boujana pour leur assiduit\u00e9, mais tous, ou presque, ont tenu leur place.<\/p>\n<p><strong>GEDEON (Cavallini N.737).- <\/strong>Pas toujours concentr\u00e9 \u00e0 l&rsquo;entame, il s&rsquo;applique davantage aux ficelles. Des acc\u00e9l\u00e9rations engag\u00e9es conclues tambour battant (Boujana et Benzegh). Une ficelle rentre en musique (+5).<\/p>\n<p><strong>VEGAS (Cyr, N.601).-<\/strong> Trouve vite les bons postes d&rsquo;o\u00f9 il sort avec du jus pour tutoyer les planches. Il y rajoute une belle anticipation sur Gibert, conclut sur Ben Ammar, serre Benzegh. Il termine sur une s\u00e9rie tr\u00e8s rythm\u00e9e o\u00f9 il laisse sa 1re ficelle \u00e0 Gibert sur la sonnerie. 4 Carmen et retour.<\/p>\n<p><strong>COLIBRI (Lautier, N504).-<\/strong> Attentif et rapide, s&rsquo;enfile de longs encha\u00eenements, balade les blancs, allonge apr\u00e8s A. Cadenas. Bien cal\u00e9 aux bois, g\u00e8re le temps et l&rsquo;espace pour 7&prime; les rubans. Puis prend le dessus, serre Ouennouri, \u00e9carte Benzegh et A.Cadenas et domine pour rentrer ses ficelles. 5 Carmen et retour.<\/p>\n<p><strong>EMBRUN (Nicollin, N.665).- <\/strong>Tr\u00e8s irr\u00e9gulier, il peut promener au petit trot, sauter seul (4&prime;) sans se fixer ou acc\u00e9l\u00e9rer ou encore frapper apr\u00e8s l&rsquo;homme (Ouennouri 2, Boualam, Benzegh, Cadenas), et basculer. \u00c0 ce jeu, il rentre un gland avec 7 Carmen et retour.<\/p>\n<p><strong>MERLOS (Didelot-Langlade, N.707).-<\/strong> Les blancs prennent le temps, mais une fois sollicit\u00e9, Merlos illustre ses qualit\u00e9s par des actions cors\u00e9es, des poursuites serr\u00e9es et des conclusions frappantes (Boualam 3&prime;, A.Cadenas). Avec la fatigue, la derni\u00e8re minute lui est plus dure, mais il conserve ses ficelles, 5 Carmen et retour.<\/p>\n<p><strong>MALAGROY (Fabre-Mailhan, N.723).-<\/strong> Il affiche son envie d&rsquo;en d\u00e9coudre et son caract\u00e8re barricadier par des actions frappantes sur Cadenas (4&prime;), Daniel (3&prime;), et Ouennouri (3&prime;). Il ne n\u00e9glige pas pour autant le placement et une grande vaillance dans les encha\u00eenements. Assailli pour un dernier tour de la 1re ficelle, il p\u00e2tit, mais se bat et le conserve. 9 Carmen et rentr\u00e9e.<\/p>\n<p><strong>ADAGIO (Blati\u00e8re-Bessac, N.821, hp, 10&prime;).- <\/strong>Pas entrepris, il saute, s&rsquo;encagne, s&rsquo;\u00e9parpille. En revanche, bien capt\u00e9, il s&rsquo;envoie et frappe avec puissance. Des impacts d&rsquo;envergure (A.Cadenas 2&prime;, Ben Ammar, Ouennouri) illustr\u00e9s par 3 Carmen et retour, avec ses ficelles.<\/p>\n<p>Troph\u00e9e de l&rsquo;Avenir : Ouennouri 16, Boujana 13, Gibert 12, Champetier, Daniel 2. Troph\u00e9e Honneur : S. Ben Ammar 2.<\/p>\n","protected":false},"excerpt":{"rendered":"Entr\u00e9e : 1 486 entr\u00e9es. Organisateur : CT Fiesta y toros. Pr\u00e9sident : J. Valentin. Raseteurs droitiers :&hellip;\n","protected":false},"author":2,"featured_media":93589,"comment_status":"","ping_status":"","sticky":false,"template":"","format":"standard","meta":{"footnotes":""},"categories":[9599],"tags":[17,1111,11,2084,13912,6466,20599,20598,1777,674,1011,27,20597,2208,12,2680,16,25,3711],"class_list":{"0":"post-93588","1":"post","2":"type-post","3":"status-publish","4":"format-standard","5":"has-post-thumbnail","7":"category-montpellier","8":"tag-17","9":"tag-actu","10":"tag-actualites","11":"tag-affiche","12":"tag-camarguaise","13":"tag-course","14":"tag-den","15":"tag-envie","16":"tag-eu","17":"tag-europe","18":"tag-fr","19":"tag-france","20":"tag-malagroy","21":"tag-montpellier","22":"tag-news","23":"tag-occitanie","24":"tag-region","25":"tag-republique-francaise","26":"tag-son"},"share_on_mastodon":{"url":"https:\/\/pubeurope.com\/@fr\/114493509163016703","error":""},"_links":{"self":[{"href":"https:\/\/www.europesays.com\/fr\/wp-json\/wp\/v2\/posts\/93588","targetHints":{"allow":["GET"]}}],"collection":[{"href":"https:\/\/www.europesays.com\/fr\/wp-json\/wp\/v2\/posts"}],"about":[{"href":"https:\/\/www.europesays.com\/fr\/wp-json\/wp\/v2\/types\/post"}],"author":[{"embeddable":true,"href":"https:\/\/www.europesays.com\/fr\/wp-json\/wp\/v2\/users\/2"}],"replies":[{"embeddable":true,"href":"https:\/\/www.europesays.com\/fr\/wp-json\/wp\/v2\/comments?post=93588"}],"version-history":[{"count":0,"href":"https:\/\/www.europesays.com\/fr\/wp-json\/wp\/v2\/posts\/93588\/revisions"}],"wp:featuredmedia":[{"embeddable":true,"href":"https:\/\/www.europesays.com\/fr\/wp-json\/wp\/v2\/media\/93589"}],"wp:attachment":[{"href":"https:\/\/www.europesays.com\/fr\/wp-json\/wp\/v2\/media?parent=93588"}],"wp:term":[{"taxonomy":"category","embeddable":true,"href":"https:\/\/www.europesays.com\/fr\/wp-json\/wp\/v2\/categories?post=93588"},{"taxonomy":"post_tag","embeddable":true,"href":"https:\/\/www.europesays.com\/fr\/wp-json\/wp\/v2\/tags?post=93588"}],"curies":[{"name":"wp","href":"https:\/\/api.w.org\/{rel}","templated":true}]}}