{"id":93594,"date":"2025-05-12T06:48:09","date_gmt":"2025-05-12T06:48:09","guid":{"rendered":"https:\/\/www.europesays.com\/fr\/93594\/"},"modified":"2025-05-12T06:48:09","modified_gmt":"2025-05-12T06:48:09","slug":"alliance-vita-appelle-a-une-mobilisation-pro-vie","status":"publish","type":"post","link":"https:\/\/www.europesays.com\/fr\/93594\/","title":{"rendered":"Alliance VITA appelle \u00e0 une mobilisation pro-vie"},"content":{"rendered":"<p>\t\t\t\t\t\t\t\t\t\t\t<img loading=\"lazy\" decoding=\"async\" width=\"1110\" title=\"&quot;L\u2019euthanasie ne peut pas \u00eatre une r\u00e9ponse \u00e0 l\u2019absence de politique de sant\u00e9 !&quot; : Alliance VITA appelle \u00e0 une mobilisation pro-vie\" class=\"img-fluid not_lzld mb-3\" src=\"https:\/\/www.europesays.com\/fr\/wp-content\/uploads\/2025\/05\/1110x624_l-euthanasie-ne-peut-pas-etre-une-reponse-a-l-absence-de-politique-de-sante-alliance-vita-a\" alt=\"&quot;L\u2019euthanasie ne peut pas \u00eatre une r\u00e9ponse \u00e0 l\u2019absence de politique de sant\u00e9 !&quot; : Alliance VITA appelle \u00e0 une mobilisation pro-vie\" itemprop=\"image\" height=\"624\"\/>\t\t\t\t\t\t\t\t\t\t\t\t<\/p>\n<p>\u00ab\u00a0L\u2019euthanasie ne peut pas \u00eatre une r\u00e9ponse \u00e0 l\u2019absence de politique de sant\u00e9 !\u00a0\u00bb : Alliance VITA appelle \u00e0 une mobilisation pro-vie &#8211; DR<\/p>\n<p itemprop=\"description\"><strong>L\u2019association \u00ab\u00a0pro-vie\u00a0\u00bb, Alliance VITA va organiser un rassemblement le 12 mai prochain, sur la place Grenette, \u00e0 Grenoble.<\/strong><\/p>\n<p class=\"MsoNormal\" style=\"caret-color: #212121; color: #212121; font-size: 12pt; font-style: normal; font-variant-caps: normal; font-weight: 400; letter-spacing: normal; orphans: auto; text-align: start; text-indent: 0px; text-transform: none; white-space: normal; widows: auto; word-spacing: 0px; -webkit-text-stroke-width: 0px; text-decoration: none; margin: 0cm 0cm 8pt; line-height: 18.4px; font-family: Calibri, sans-serif;\">Dans un communiqu\u00e9 paru ce lundi, les repr\u00e9sentants d\u2019Alliance VITA, une association militant contre le droit \u00e0 l\u2019avortement et l\u2019euthanasie, ont appel\u00e9 \u00e0 la mobilisation le 12 mai prochain. Cette date n\u2019a pas \u00e9t\u00e9 choisie par hasard, puisque ce sera le jour de l\u2019examen de la proposition relative \u00e0 la fin de vie \u00e0 l\u2019Assembl\u00e9e nationale, qui pr\u00e9voit de l\u00e9galiser le suicide assist\u00e9 et l\u2019euthanasie.<\/p>\n<p class=\"MsoNormal\" style=\"caret-color: #212121; color: #212121; font-size: 12pt; font-style: normal; font-variant-caps: normal; font-weight: 400; letter-spacing: normal; orphans: auto; text-align: start; text-indent: 0px; text-transform: none; white-space: normal; widows: auto; word-spacing: 0px; -webkit-text-stroke-width: 0px; text-decoration: none; margin: 0cm 0cm 8pt; line-height: 18.4px; font-family: Calibri, sans-serif;\"><strong>Une mobilisation nationale<\/strong><\/p>\n<p class=\"MsoNormal\" style=\"caret-color: #212121; color: #212121; font-size: 12pt; font-style: normal; font-variant-caps: normal; font-weight: 400; letter-spacing: normal; orphans: auto; text-align: start; text-indent: 0px; text-transform: none; white-space: normal; widows: auto; word-spacing: 0px; -webkit-text-stroke-width: 0px; text-decoration: none; margin: 0cm 0cm 8pt; line-height: 18.4px; font-family: Calibri, sans-serif;\">En plus du rassemblement pr\u00e9vu \u00e0 Lyon, Alliance VITA va organiser, simultan\u00e9ment, des mobilisations dans une cinquantaine de villes de l\u2019Hexagone pour faire entendre ses revendications.<\/p>\n<p class=\"MsoNormal\" style=\"caret-color: #212121; color: #212121; font-size: 12pt; font-style: normal; font-variant-caps: normal; font-weight: 400; letter-spacing: normal; orphans: auto; text-align: start; text-indent: 0px; text-transform: none; white-space: normal; widows: auto; word-spacing: 0px; -webkit-text-stroke-width: 0px; text-decoration: none; margin: 0cm 0cm 8pt; line-height: 18.4px; font-family: Calibri, sans-serif;\">\u00ab\u00a0Alors que les Fran\u00e7ais subissent au quotidien la crise du syst\u00e8me de sant\u00e9 et de l\u2019acc\u00e8s aux soins, comment comprendre cette offensive l\u00e9gislative pour ent\u00e9riner l\u2019euthanasie ? (\u2026) L\u2019euthanasie ne peut pas \u00eatre une r\u00e9ponse \u00e0 l\u2019absence de politique de sant\u00e9 !\u00a0\u00bb, peut-on lire dans le communiqu\u00e9.<\/p>\n<p class=\"MsoNormal\" style=\"caret-color: #212121; color: #212121; font-size: 12pt; font-style: normal; font-variant-caps: normal; font-weight: 400; letter-spacing: normal; orphans: auto; text-align: start; text-indent: 0px; text-transform: none; white-space: normal; widows: auto; word-spacing: 0px; -webkit-text-stroke-width: 0px; text-decoration: none; margin: 0cm 0cm 8pt; line-height: 18.4px; font-family: Calibri, sans-serif;\">L\u2019association souhaite donc r\u00e9unir ses militants, lundi 12 mai \u00e0 17h30, sur la place Grenette.<\/p>\n","protected":false},"excerpt":{"rendered":"\u00ab\u00a0L\u2019euthanasie ne peut pas \u00eatre une r\u00e9ponse \u00e0 l\u2019absence de politique de sant\u00e9 !\u00a0\u00bb : Alliance VITA appelle&hellip;\n","protected":false},"author":2,"featured_media":93595,"comment_status":"","ping_status":"","sticky":false,"template":"","format":"standard","meta":{"footnotes":""},"categories":[9566],"tags":[1111,11,7733,8279,2430,7736,650,7734,2889,2263,1777,674,1011,27,2731,8280,6417,1114,108,4662,12,3725,1825,25,7737],"class_list":{"0":"post-93594","1":"post","2":"type-post","3":"status-publish","4":"format-standard","5":"has-post-thumbnail","7":"category-grenoble","8":"tag-actu","9":"tag-actualites","10":"tag-alpes","11":"tag-alpes1","12":"tag-auvergne-rhone-alpes","13":"tag-cds","14":"tag-cinema","15":"tag-ecoute","16":"tag-emission","17":"tag-equipe","18":"tag-eu","19":"tag-europe","20":"tag-fr","21":"tag-france","22":"tag-grenoble","23":"tag-haute","24":"tag-information","25":"tag-infos","26":"tag-isere","27":"tag-journal","28":"tag-news","29":"tag-podcast","30":"tag-radio","31":"tag-republique-francaise","32":"tag-winamp"},"share_on_mastodon":{"url":"https:\/\/pubeurope.com\/@fr\/114493528736870639","error":""},"_links":{"self":[{"href":"https:\/\/www.europesays.com\/fr\/wp-json\/wp\/v2\/posts\/93594","targetHints":{"allow":["GET"]}}],"collection":[{"href":"https:\/\/www.europesays.com\/fr\/wp-json\/wp\/v2\/posts"}],"about":[{"href":"https:\/\/www.europesays.com\/fr\/wp-json\/wp\/v2\/types\/post"}],"author":[{"embeddable":true,"href":"https:\/\/www.europesays.com\/fr\/wp-json\/wp\/v2\/users\/2"}],"replies":[{"embeddable":true,"href":"https:\/\/www.europesays.com\/fr\/wp-json\/wp\/v2\/comments?post=93594"}],"version-history":[{"count":0,"href":"https:\/\/www.europesays.com\/fr\/wp-json\/wp\/v2\/posts\/93594\/revisions"}],"wp:featuredmedia":[{"embeddable":true,"href":"https:\/\/www.europesays.com\/fr\/wp-json\/wp\/v2\/media\/93595"}],"wp:attachment":[{"href":"https:\/\/www.europesays.com\/fr\/wp-json\/wp\/v2\/media?parent=93594"}],"wp:term":[{"taxonomy":"category","embeddable":true,"href":"https:\/\/www.europesays.com\/fr\/wp-json\/wp\/v2\/categories?post=93594"},{"taxonomy":"post_tag","embeddable":true,"href":"https:\/\/www.europesays.com\/fr\/wp-json\/wp\/v2\/tags?post=93594"}],"curies":[{"name":"wp","href":"https:\/\/api.w.org\/{rel}","templated":true}]}}