{"id":935947,"date":"2026-05-16T04:52:23","date_gmt":"2026-05-16T04:52:23","guid":{"rendered":"https:\/\/www.europesays.com\/fr\/935947\/"},"modified":"2026-05-16T04:52:23","modified_gmt":"2026-05-16T04:52:23","slug":"le-pentagone-suspend-les-deploiements-en-pologne-et-en-allemagne","status":"publish","type":"post","link":"https:\/\/www.europesays.com\/fr\/935947\/","title":{"rendered":"Le Pentagone suspend les d\u00e9ploiements en Pologne et en Allemagne"},"content":{"rendered":"<p>Le Pentagone proc\u00e8de au retrait de milliers de soldats en Europe en annulant des d\u00e9ploiements en Pologne et en Allemagne, plut\u00f4t qu\u2019en retirant les forces d\u00e9j\u00e0 stationn\u00e9es sur place, selon des responsables am\u00e9ricains, alors que le pr\u00e9sident Donald Trump s\u2019est heurt\u00e9 \u00e0 ses alli\u00e9s au sujet de la guerre contre l\u2019Iran et a appel\u00e9 \u00e0 des changements.<\/p>\n<p>Plusieurs responsables am\u00e9ricains ont confirm\u00e9 que 4000 soldats de la 2e\u00a0brigade blind\u00e9e de combat de la 1re division de cavalerie de l\u2019arm\u00e9e de terre n\u2019\u00e9taient plus en route pour la Pologne cette semaine. <\/p>\n<p>L\u2019administration Trump avait pr\u00e9c\u00e9demment d\u00e9clar\u00e9 qu\u2019elle ne r\u00e9duirait les effectifs am\u00e9ricains qu\u2019en Allemagne, et cette d\u00e9cision a suscit\u00e9 des questions et des critiques tant \u00e0 Varsovie qu\u2019\u00e0 Washington.<\/p>\n<p>Deux responsables ont indiqu\u00e9 \u00e0 l\u2019Associated Press que le d\u00e9ploiement en Pologne avait \u00e9t\u00e9 annul\u00e9 apr\u00e8s que le secr\u00e9taire \u00e0 la D\u00e9fense Pete Hegseth eut sign\u00e9 une note de service ordonnant \u00e0 l\u2019\u00e9tat-major interarm\u00e9es de retirer une brigade de combat d\u2019Europe. L\u2019un d\u2019eux a pr\u00e9cis\u00e9 que le choix de l\u2019unit\u00e9 concern\u00e9e avait \u00e9t\u00e9 laiss\u00e9 aux chefs militaires.<\/p>\n<p>Outre l\u2019\u00e9quipe de combat de l\u2019arm\u00e9e bas\u00e9e \u00e0 Fort Hood, au Texas, la note a \u00e9galement entra\u00een\u00e9 l\u2019annulation d\u2019un d\u00e9ploiement pr\u00e9vu en Allemagne d\u2019un bataillon form\u00e9 au tir de roquettes et de missiles \u00e0 longue port\u00e9e, selon les deux responsables, qui, comme les autres, se sont exprim\u00e9s sous couvert d\u2019anonymat pour \u00e9voquer des op\u00e9rations militaires sensibles.<\/p>\n<p>Trois responsables am\u00e9ricains ont mentionn\u00e9 que ces d\u00e9ploiements annul\u00e9s s\u2019inscrivaient dans le cadre d\u2019un effort visant \u00e0 se conformer \u00e0 un d\u00e9cret pr\u00e9sidentiel publi\u00e9 d\u00e9but mai visant \u00e0 r\u00e9duire d\u2019environ 5000 le nombre de soldats en Europe. <\/p>\n<p>Ce raisonnement ne semble pas avoir \u00e9t\u00e9 bien communiqu\u00e9, car d\u2019autres responsables bas\u00e9s en Europe ont d\u00e9clar\u00e9 ne pas savoir si le d\u00e9ploiement suspendu en Pologne faisait partie de la r\u00e9duction des effectifs annonc\u00e9e pr\u00e9c\u00e9demment.<\/p>\n<p>M.\u00a0Trump et le Pentagone ont avanc\u00e9 ces derni\u00e8res semaines qu\u2019ils retiraient au moins 5000 soldats d\u2019Allemagne apr\u00e8s que le chancelier Friedrich Merz eut d\u00e9clar\u00e9 que les \u00c9tats-Unis \u00e9taient \u00abhumili\u00e9s\u00bb par les dirigeants iraniens et critiqu\u00e9 ce qu\u2019il a qualifi\u00e9 de manque de strat\u00e9gie dans la guerre. <\/p>\n<p>Ce retrait refl\u00e8te un foss\u00e9 grandissant entre l\u2019administration am\u00e9ricaine et ses alli\u00e9s europ\u00e9ens traditionnels, le dirigeant am\u00e9ricain critiquant \u00e0 plusieurs reprises les autres membres de l\u2019OTAN pour leur manque de soutien dans le conflit avec l\u2019Iran.<\/p>\n<p>Des responsables polonais ont insist\u00e9 vendredi sur le fait que l\u2019annulation du d\u00e9ploiement am\u00e9ricain en Pologne, rapport\u00e9e plus t\u00f4t par The Military Times et d\u2019autres m\u00e9dias, ne visait pas directement leur pays, mais \u00e9tait une cons\u00e9quence de la d\u00e9cision de Trump de r\u00e9duire le nombre de soldats en Allemagne.<\/p>\n<p>Le premier ministre polonais Donald Tusk a affirm\u00e9 avoir \u00abre\u00e7u l\u2019assurance\u00bb que cette d\u00e9cision \u00e9tait de nature logistique et qu\u2019elle n\u2019avait pas d\u2019impact direct sur les capacit\u00e9s de dissuasion et la s\u00e9curit\u00e9 de la Pologne.<\/p>\n<p>Joel Valdez, porte-parole du Pentagone, a indiqu\u00e9 que \u00abla d\u00e9cision de retirer des troupes fait suite \u00e0 un processus complet et \u00e0 plusieurs niveaux\u00bb et a affirm\u00e9 qu\u2019il ne s\u2019agissait \u00abpas d\u2019une d\u00e9cision inattendue de derni\u00e8re minute\u00bb.<\/p>\n<p>S\u2019exprimant devant le Congr\u00e8s lors d\u2019une audition vendredi, le secr\u00e9taire \u00e0 l\u2019Arm\u00e9e Dan Driscoll et le g\u00e9n\u00e9ral Christopher LaNeve, chef d\u2019\u00e9tat-major de l\u2019arm\u00e9e de terre, ont mentionn\u00e9 que les discussions concernant l\u2019annulation du d\u00e9ploiement en Pologne avaient eu lieu au cours des deux derni\u00e8res semaines, mais que la d\u00e9cision elle-m\u00eame avait \u00e9t\u00e9 prise ces derniers jours.<\/p>\n<p>Le repr\u00e9sentant r\u00e9publicain du Nebraska, Don Bacon, a soulign\u00e9 avoir parl\u00e9 avec des responsables polonais jeudi et que ceux-ci avaient \u00e9t\u00e9 \u00abpris au d\u00e9pourvu\u00bb.<\/p>\n<p>Cette d\u00e9cision a \u00e9galement laiss\u00e9 certains militaires am\u00e9ricains en Europe dans l\u2019ignorance quant \u00e0 la mani\u00e8re dont l\u2019administration Trump r\u00e9duisait ses effectifs.<\/p>\n<p><b>Pas d\u2019incidence sur la d\u00e9fense<\/b><\/p>\n<p>Avec la suspension des d\u00e9ploiements, la pr\u00e9sence militaire am\u00e9ricaine en Europe reviendra d\u00e9sormais aux niveaux d\u2019avant 2022, avant que la Russie ne lance son invasion \u00e0 grande \u00e9chelle de l\u2019Ukraine, selon un responsable am\u00e9ricain.<\/p>\n<p>L\u2019Europe se pr\u00e9pare \u00e0 une r\u00e9duction depuis le retour de M.\u00a0Trump \u00e0 la Maison-Blanche, l\u2019administration ayant averti que l\u2019Europe devrait d\u00e9sormais assurer elle-m\u00eame sa propre s\u00e9curit\u00e9, y compris celle de l\u2019Ukraine.<\/p>\n<p>Un responsable de l\u2019OTAN a d\u00e9clar\u00e9 que la d\u00e9cision am\u00e9ricaine d\u2019annuler son d\u00e9ploiement rotatif en Pologne n\u2019aurait pas d\u2019impact sur les plans de dissuasion et de d\u00e9fense de l\u2019OTAN. <\/p>\n<p>Le Canada et l\u2019Allemagne ont renforc\u00e9 leur pr\u00e9sence sur le flanc est de l\u2019alliance, ce qui contribue \u00e0 la puissance globale de l\u2019OTAN, a affirm\u00e9 ce responsable, qui a insist\u00e9 pour garder l\u2019anonymat conform\u00e9ment aux r\u00e8glements de l\u2019OTAN. <\/p>\n<p>Ben Hodges, ancien commandant g\u00e9n\u00e9ral de l\u2019arm\u00e9e am\u00e9ricaine en Europe, a avanc\u00e9 que cette mesure \u00abrenforce l\u2019impression que les \u00c9tats-Unis agissent sans consulter leurs alli\u00e9s\u00bb, ce qui, en fin de compte, \u00abnuit \u00e0 la coh\u00e9sion au sein de l\u2019alliance\u00bb. <\/p>\n<p>\u00c0 long terme, cette d\u00e9cision nuirait \u00e0 l\u2019industrie de la d\u00e9fense am\u00e9ricaine, car elle sape la confiance des partenaires, a-t-il ajout\u00e9. <\/p>\n<p>Environ 10\u00a0000\u00a0soldats am\u00e9ricains sont g\u00e9n\u00e9ralement stationn\u00e9s en Pologne, la majorit\u00e9 d\u2019entre eux \u00e9tant pr\u00e9sents dans le pays \u00e0 tour de r\u00f4le. Seuls environ 300\u00a0soldats sont stationn\u00e9s en permanence dans le pays, selon le Service de recherche du Congr\u00e8s am\u00e9ricain. <\/p>\n<p>Les responsables polonais esp\u00e9raient \u00eatre \u00e9pargn\u00e9s par toute r\u00e9duction, la Pologne \u00e9tant le pays de l\u2019OTAN qui consacre la plus grande part de son \u00e9conomie \u00e0 la d\u00e9fense, environ 4,7\u00a0% en 2025. <\/p>\n","protected":false},"excerpt":{"rendered":"Le Pentagone proc\u00e8de au retrait de milliers de soldats en Europe en annulant des d\u00e9ploiements en Pologne et&hellip;\n","protected":false},"author":2,"featured_media":935948,"comment_status":"","ping_status":"","sticky":false,"template":"","format":"standard","meta":{"footnotes":"","_share_on_mastodon":"0"},"categories":[1587],"tags":[11,672,1804,1805,1803,1777,674,1801,11621,1854,4576,12,1802],"class_list":["post-935947","post","type-post","status-publish","format-standard","has-post-thumbnail","category-allemagne","tag-actualites","tag-allemagne","tag-bundesrepublik-deutschland","tag-de","tag-deutschland","tag-eu","tag-europe","tag-germany","tag-https-lactualite-com-sujet-defense","tag-https-lactualite-com-sujet-international","tag-https-lactualite-com-sujet-politique","tag-news","tag-republique-federale-dallemagne"],"share_on_mastodon":{"url":"https:\/\/pubeurope.com\/@fr\/116582465341432199","error":""},"_links":{"self":[{"href":"https:\/\/www.europesays.com\/fr\/wp-json\/wp\/v2\/posts\/935947","targetHints":{"allow":["GET"]}}],"collection":[{"href":"https:\/\/www.europesays.com\/fr\/wp-json\/wp\/v2\/posts"}],"about":[{"href":"https:\/\/www.europesays.com\/fr\/wp-json\/wp\/v2\/types\/post"}],"author":[{"embeddable":true,"href":"https:\/\/www.europesays.com\/fr\/wp-json\/wp\/v2\/users\/2"}],"replies":[{"embeddable":true,"href":"https:\/\/www.europesays.com\/fr\/wp-json\/wp\/v2\/comments?post=935947"}],"version-history":[{"count":0,"href":"https:\/\/www.europesays.com\/fr\/wp-json\/wp\/v2\/posts\/935947\/revisions"}],"wp:featuredmedia":[{"embeddable":true,"href":"https:\/\/www.europesays.com\/fr\/wp-json\/wp\/v2\/media\/935948"}],"wp:attachment":[{"href":"https:\/\/www.europesays.com\/fr\/wp-json\/wp\/v2\/media?parent=935947"}],"wp:term":[{"taxonomy":"category","embeddable":true,"href":"https:\/\/www.europesays.com\/fr\/wp-json\/wp\/v2\/categories?post=935947"},{"taxonomy":"post_tag","embeddable":true,"href":"https:\/\/www.europesays.com\/fr\/wp-json\/wp\/v2\/tags?post=935947"}],"curies":[{"name":"wp","href":"https:\/\/api.w.org\/{rel}","templated":true}]}}