{"id":93600,"date":"2025-05-12T06:51:09","date_gmt":"2025-05-12T06:51:09","guid":{"rendered":"https:\/\/www.europesays.com\/fr\/93600\/"},"modified":"2025-05-12T06:51:09","modified_gmt":"2025-05-12T06:51:09","slug":"cette-habitante-de-la-fleche-a-donne-son-nom-a-une-rue-de-rennes","status":"publish","type":"post","link":"https:\/\/www.europesays.com\/fr\/93600\/","title":{"rendered":"Cette habitante de La Fl\u00e8che a donn\u00e9 son nom \u00e0 une rue de Rennes"},"content":{"rendered":"<p>La Fl\u00e8che (Sarthe) \u2013 sa ville d\u2019origine \u2013 <a href=\"https:\/\/www.ouest-france.fr\/pays-de-la-loire\/la-fleche-72200\/colette-cosnier-desormais-sa-promenade-5257515?utm_source=troove&amp;utm_medium=site\" target=\"_blank\" rel=\"noopener\">lui avait d\u00e9j\u00e0 r\u00e9serv\u00e9 cet honneur un an et demi apr\u00e8s son d\u00e9c\u00e8s<\/a> en septembre\u00a02017. Cette historienne des femmes et de la condition f\u00e9minine y a une promenade qui longeant le Loir, entre le camping de la Route d\u2019or et le moulin Poil-de-Reux, porte son nom.<\/p>\n<p>Une rue \u00e0 Rennes<\/p>\n<\/p>\n<p>C\u2019est aussi le cas d\u00e9sormais dans sa ville d\u2019adoption, Rennes (Ille-et-Vilaine), o\u00f9 elle a \u00e9tudi\u00e9 la litt\u00e9rature de longues ann\u00e9es soutenant une th\u00e8se sur\u00a0la pi\u00e8ce de Thomas Corneille, L\u2019Amour \u00e0 la mode. Avant de transmettre ses connaissances en enseignant \u00e0 l\u2019universit\u00e9 de Rennes 2. La nouvelle all\u00e9e Colette-Cosnier se situe au nord de la ville, parall\u00e8le au canal Saint-Martin.<\/p>\n<p>Les archives de la chercheuse sont conserv\u00e9es au Centre des archives du f\u00e9minisme \u00e0 Angers (Maine-et-Loire).<\/p>\n<p>\u00a0<\/p>\n","protected":false},"excerpt":{"rendered":"La Fl\u00e8che (Sarthe) \u2013 sa ville d\u2019origine \u2013 lui avait d\u00e9j\u00e0 r\u00e9serv\u00e9 cet honneur un an et demi&hellip;\n","protected":false},"author":2,"featured_media":93601,"comment_status":"","ping_status":"","sticky":false,"template":"","format":"standard","meta":{"footnotes":""},"categories":[2821],"tags":[1111,11,829,7687,1777,674,20601,1011,27,20600,2047,12,19800,584,25,3640],"class_list":{"0":"post-93600","1":"post","2":"type-post","3":"status-publish","4":"format-standard","5":"has-post-thumbnail","7":"category-rennes","8":"tag-actu","9":"tag-actualites","10":"tag-bretagne","11":"tag-donne","12":"tag-eu","13":"tag-europe","14":"tag-fleche","15":"tag-fr","16":"tag-france","17":"tag-habitante","18":"tag-mans","19":"tag-news","20":"tag-nom","21":"tag-rennes","22":"tag-republique-francaise","23":"tag-rue"},"share_on_mastodon":{"url":"https:\/\/pubeurope.com\/@fr\/114493540494757733","error":""},"_links":{"self":[{"href":"https:\/\/www.europesays.com\/fr\/wp-json\/wp\/v2\/posts\/93600","targetHints":{"allow":["GET"]}}],"collection":[{"href":"https:\/\/www.europesays.com\/fr\/wp-json\/wp\/v2\/posts"}],"about":[{"href":"https:\/\/www.europesays.com\/fr\/wp-json\/wp\/v2\/types\/post"}],"author":[{"embeddable":true,"href":"https:\/\/www.europesays.com\/fr\/wp-json\/wp\/v2\/users\/2"}],"replies":[{"embeddable":true,"href":"https:\/\/www.europesays.com\/fr\/wp-json\/wp\/v2\/comments?post=93600"}],"version-history":[{"count":0,"href":"https:\/\/www.europesays.com\/fr\/wp-json\/wp\/v2\/posts\/93600\/revisions"}],"wp:featuredmedia":[{"embeddable":true,"href":"https:\/\/www.europesays.com\/fr\/wp-json\/wp\/v2\/media\/93601"}],"wp:attachment":[{"href":"https:\/\/www.europesays.com\/fr\/wp-json\/wp\/v2\/media?parent=93600"}],"wp:term":[{"taxonomy":"category","embeddable":true,"href":"https:\/\/www.europesays.com\/fr\/wp-json\/wp\/v2\/categories?post=93600"},{"taxonomy":"post_tag","embeddable":true,"href":"https:\/\/www.europesays.com\/fr\/wp-json\/wp\/v2\/tags?post=93600"}],"curies":[{"name":"wp","href":"https:\/\/api.w.org\/{rel}","templated":true}]}}