{"id":93617,"date":"2025-05-12T07:01:08","date_gmt":"2025-05-12T07:01:08","guid":{"rendered":"https:\/\/www.europesays.com\/fr\/93617\/"},"modified":"2025-05-12T07:01:08","modified_gmt":"2025-05-12T07:01:08","slug":"des-dizaines-de-kilometres-de-bouchons-autour-de-toulouse-les-secteurs-ou-ca-coince-le-plus","status":"publish","type":"post","link":"https:\/\/www.europesays.com\/fr\/93617\/","title":{"rendered":"Des dizaines de kilom\u00e8tres de bouchons autour de Toulouse, les secteurs o\u00f9 \u00e7a coince le plus"},"content":{"rendered":"<p>            Par<br \/>\n        <strong><br \/>\n            <a href=\"https:\/\/actu.fr\/auteur\/guillaume-laurens\" title=\"Consulter tous les articles de Guillaume Laurens\" target=\"_blank\" rel=\"noopener\">Guillaume Laurens<\/a><br \/>\n        <\/strong><\/p>\n<p>        Publi\u00e9 le<\/p>\n<p>            12 mai 2025 \u00e0 8h09<br \/>\n        ; mis \u00e0 jour le 12 mai 2025 \u00e0 8h34    <\/p>\n<p>C\u2019est l\u2019une des rares semaines de mai sans pont et les automobilistes sont visiblement de retour au bureau\u2009: ils sont <strong>tr\u00e8s nombreux sur les routes<\/strong>, ce lundi 12\u00a0mai 2025, sur <a href=\"https:\/\/actu.fr\/tag\/peripherique-de-toulouse\" target=\"_blank\" rel=\"noopener\">le p\u00e9riph\u00e9rique<\/a> et plus globalement dans l\u2019agglom\u00e9ration de <strong><a href=\"https:\/\/actu.fr\/toulouse\/\" target=\"_blank\" rel=\"noopener\">Toulouse,<\/a><\/strong> o\u00f9 \u00ab\u2009des <strong>dizaines de kilom\u00e8tres de bouchons\u2009\u00bb<\/strong> sont recens\u00e9es \u00e0 l\u2019heure de pointe. Voici les secteurs o\u00f9 cela coince le plus.<\/p>\n<p>Gal\u00e8re sur l\u2019A62, l\u2019A68, le p\u00e9riph\u00e9rique au nord et \u00e0 l\u2019est<\/p>\n<p class=\" wall-content\">D\u2019apr\u00e8s Vinci Autoroutes, la circulation est tr\u00e8s charg\u00e9e ce lundi matin au nord de la Ville rose, avec notamment \u00ab\u2009beaucoup de monde au niveau de la barri\u00e8re de <strong>p\u00e9age de Toulouse Nord\u2009\u00bb<\/strong>, en provenance de <strong>l\u2019A62<\/strong>. Sur le p\u00e9riph\u00e9rique nord, la prudence est de mise \u00e0 hauteur de la <strong>sortie Borderouge<\/strong>, o\u00f9 <strong>un car est tomb\u00e9 en panne<\/strong> sur la voie de gauche, alors que la circulation \u00e9tait d\u00e9j\u00e0 bien charg\u00e9e.<\/p>\n<p class=\" wall-content\">Tout aussi chaotique\u2009: l\u2019arriv\u00e9e de <strong>l\u2019A68<\/strong> sur la Ville rose. Au niveau du p\u00e9riph\u00e9rique, \u00e0 7h50, <strong>plus de 10\u00a0km<\/strong> de bouchons \u00e9taient recens\u00e9s entre le nord-est et le nord de la Ville rose, souligne de son c\u00f4t\u00e9 <a href=\"https:\/\/www.bison-fute.gouv.fr\/toulouse,10265.html\" target=\"_blank\" rel=\"noopener\">Bison Fut\u00e9<\/a>. Et cela ne faisait qu\u2019augmenter au fil des minutes.<\/p>\n<p>Accident et ralentissements \u00e0 l\u2019ouest<\/p>\n<p class=\" wall-content\">Sur le <strong>p\u00e9riph\u00e9rique ouest<\/strong> de Toulouse, un bouchon de <strong>plus d\u2019un kilom\u00e8tre<\/strong> vient de se former \u00e0 8\u00a0heures sur <strong>l\u2019A620<\/strong>, dans le sens nord-sud, apr\u00e8s un <strong>accident<\/strong> entre un poids lourd et une voiture sur une bretelle d\u2019acc\u00e8s \u00e0 la rocade.<\/p>\n<p class=\" wall-content\">Plus \u00e0 l\u2019ouest, les bouchons habituels sont relev\u00e9s sur la <strong>RN124<\/strong>, \u00e0 l\u2019ouest de Toulouse, avec <strong>plus de 6\u00a0km<\/strong> de bouchons entre L\u00e9guevin et la Ville rose.<\/p>\n<p>Vid\u00e9os : en ce moment sur Actu<br \/>\n      <img   decoding=\"async\" loading=\"lazy\" src=\"https:\/\/www.europesays.com\/fr\/wp-content\/uploads\/2025\/05\/bouchons-toulouse-bison-fute-08h30-960x615.jpg\" alt=\"Voici l'\u00e9tat du trafic (mis \u00e0 jour \u00e0 8h30) dans les principales routes de l'agglo de Toulouse selon Bison Fut\u00e9\" width=\"960\" height=\"615\"\/><br \/>\n    Voici l\u2019\u00e9tat du trafic (mis \u00e0 jour \u00e0 8h30) dans les principales routes de l\u2019agglo de Toulouse selon Bison Fut\u00e9 (\u00a9Bison Fut\u00e9)Embouteillages habituels au sud<\/p>\n<p class=\" wall-content\">Le <strong>sud<\/strong> de Toulouse n\u2019est pas en reste, avec les <strong>perturbations<\/strong> relativement classiques signal\u00e9es du c\u00f4t\u00e9 du <strong>Palays<\/strong>.<br \/>\u00c0 noter aussi\u2009: une bonne <strong>dizaine de kilom\u00e8tres<\/strong> de bouchons sur <strong>l\u2019A64<\/strong>, apr\u00e8s la barri\u00e8re de p\u00e9age de Muret, soit une vingtaine de minutes d\u2019embouteillages. C\u2019est aussi tr\u00e8s probl\u00e9matique depuis la <strong>RD820<\/strong> vers cette autoroute en provenance de Portet-sur-Garonne.<\/p>\n<p class=\" wall-content\">Suivez toute l\u2019actualit\u00e9 de vos villes et m\u00e9dias favoris en vous inscrivant \u00e0 <a href=\"https:\/\/moncompte.actu.fr\" title=\"D\u00e9couvez Mon Actu\" rel=\"nofollow noopener\" data-trk=\"{&quot;cta&quot;:{&quot;action&quot;:&quot;https:\\\/\\\/moncompte.actu.fr&quot;,&quot;category&quot;:&quot;mon compte&quot;,&quot;from&quot;:&quot;article footer&quot;,&quot;name&quot;:&quot;Mon actu&quot;,&quot;type&quot;:&quot;cta&quot;}}\" target=\"_blank\">Mon Actu<\/a>.<\/p>\n<ul class=\"ac-article-tag wall-content\">\n<li><a href=\"https:\/\/actu.fr\/tag\/info-trafic\" data-trk=\"{&quot;cta&quot;:{&quot;action&quot;:&quot;Info trafic&quot;,&quot;category&quot;:&quot;tag&quot;,&quot;from&quot;:&quot;article footer&quot;,&quot;name&quot;:&quot;Info trafic&quot;,&quot;type&quot;:&quot;cta&quot;}}\" target=\"_blank\" rel=\"noopener\">#Info trafic<\/a><\/li>\n<li><a href=\"https:\/\/actu.fr\/tag\/peripherique-de-toulouse\" data-trk=\"{&quot;cta&quot;:{&quot;action&quot;:&quot;P\\u00e9riph\\u00e9rique de Toulouse&quot;,&quot;category&quot;:&quot;tag&quot;,&quot;from&quot;:&quot;article footer&quot;,&quot;name&quot;:&quot;P\\u00e9riph\\u00e9rique de Toulouse&quot;,&quot;type&quot;:&quot;cta&quot;}}\" target=\"_blank\" rel=\"noopener\">#P\u00e9riph\u00e9rique de Toulouse<\/a><\/li>\n<\/ul>\n","protected":false},"excerpt":{"rendered":"Par Guillaume Laurens Publi\u00e9 le 12 mai 2025 \u00e0 8h09 ; mis \u00e0 jour le 12 mai 2025&hellip;\n","protected":false},"author":2,"featured_media":93618,"comment_status":"","ping_status":"","sticky":false,"template":"","format":"standard","meta":{"footnotes":""},"categories":[2816],"tags":[1111,11,1777,674,1011,27,803,12,2680,4800,25,104,2312],"class_list":{"0":"post-93617","1":"post","2":"type-post","3":"status-publish","4":"format-standard","5":"has-post-thumbnail","7":"category-toulouse","8":"tag-actu","9":"tag-actualites","10":"tag-eu","11":"tag-europe","12":"tag-fr","13":"tag-france","14":"tag-info-trafic","15":"tag-news","16":"tag-occitanie","17":"tag-peripherique-de-toulouse","18":"tag-republique-francaise","19":"tag-societe","20":"tag-toulouse"},"share_on_mastodon":{"url":"https:\/\/pubeurope.com\/@fr\/114493579843563333","error":""},"_links":{"self":[{"href":"https:\/\/www.europesays.com\/fr\/wp-json\/wp\/v2\/posts\/93617","targetHints":{"allow":["GET"]}}],"collection":[{"href":"https:\/\/www.europesays.com\/fr\/wp-json\/wp\/v2\/posts"}],"about":[{"href":"https:\/\/www.europesays.com\/fr\/wp-json\/wp\/v2\/types\/post"}],"author":[{"embeddable":true,"href":"https:\/\/www.europesays.com\/fr\/wp-json\/wp\/v2\/users\/2"}],"replies":[{"embeddable":true,"href":"https:\/\/www.europesays.com\/fr\/wp-json\/wp\/v2\/comments?post=93617"}],"version-history":[{"count":0,"href":"https:\/\/www.europesays.com\/fr\/wp-json\/wp\/v2\/posts\/93617\/revisions"}],"wp:featuredmedia":[{"embeddable":true,"href":"https:\/\/www.europesays.com\/fr\/wp-json\/wp\/v2\/media\/93618"}],"wp:attachment":[{"href":"https:\/\/www.europesays.com\/fr\/wp-json\/wp\/v2\/media?parent=93617"}],"wp:term":[{"taxonomy":"category","embeddable":true,"href":"https:\/\/www.europesays.com\/fr\/wp-json\/wp\/v2\/categories?post=93617"},{"taxonomy":"post_tag","embeddable":true,"href":"https:\/\/www.europesays.com\/fr\/wp-json\/wp\/v2\/tags?post=93617"}],"curies":[{"name":"wp","href":"https:\/\/api.w.org\/{rel}","templated":true}]}}