{"id":93619,"date":"2025-05-12T07:02:07","date_gmt":"2025-05-12T07:02:07","guid":{"rendered":"https:\/\/www.europesays.com\/fr\/93619\/"},"modified":"2025-05-12T07:02:07","modified_gmt":"2025-05-12T07:02:07","slug":"surpris-en-train-de-cambrioler-une-maison-pres-de-lille-il-insulte-et-frappe-quatre-policiers","status":"publish","type":"post","link":"https:\/\/www.europesays.com\/fr\/93619\/","title":{"rendered":"Surpris en train de cambrioler une maison pr\u00e8s de Lille, il insulte et frappe quatre policiers"},"content":{"rendered":"<p>            Par<br \/>\n        <strong><br \/>\n            <a href=\"https:\/\/actu.fr\/auteur\/redaction-lille\" title=\"Consulter tous les articles de R\u00e9daction Lille\" rel=\"nofollow noopener\" target=\"_blank\">R\u00e9daction Lille<\/a><br \/>\n        <\/strong><\/p>\n<p>        Publi\u00e9 le<\/p>\n<p>            12 mai 2025 \u00e0 8h40        <\/p>\n<p>Mercredi 7 mai 2025, un homme de 41 ans a \u00e9t\u00e9 jug\u00e9 au tribunal de <a href=\"https:\/\/actu.fr\/lille\/\" rel=\"nofollow noopener\" target=\"_blank\">Lille<\/a> pour <b>vol par effraction, violences et outrage \u00e0 un fonctionnaire de la police<\/b>. Les faits se d\u00e9roulent la veille, le 6 mai. Fortement alcoolis\u00e9,<b> l\u2019homme est entr\u00e9 par effraction dans une maison<\/b> \u00e0 <a href=\"https:\/\/actu.fr\/hauts-de-france\/villeneuve-d-ascq_59009\" rel=\"nofollow noopener\" target=\"_blank\">Villeneuve-d\u2019 Ascq<\/a> (Nord), puis a d\u00e9rob\u00e9 plusieurs objets de valeur avant d\u2019\u00eatre <b>pris en flagrant d\u00e9lit<\/b> par la <a href=\"https:\/\/actu.fr\/tag\/police\" rel=\"nofollow noopener\" target=\"_blank\">police<\/a>. Victimes de <b>coups, insultes et crachats<\/b>, les quatre policiers ont finalement r\u00e9ussi \u00e0 ma\u00eetriser l\u2019individu. Ils se sont constitu\u00e9s parties civiles. D\u00e9tails.<\/p>\n<p>\u201cJe suis devenu incontr\u00f4lable, j\u2019\u00e9tais fou de rage.\u201d<\/p>\n<p class=\" wall-content\">Le 6 mai 2025, \u00e0 Villeneuve-d\u2019Ascq, la police est requise vers 3h15 au domicile d\u2019un homme qui dit se faire <a href=\"https:\/\/actu.fr\/tag\/cambriolage\" rel=\"nofollow noopener\" target=\"_blank\">cambrioler<\/a>. Sur les lieux, les forces de l\u2019ordre d\u00e9couvrent une fen\u00eatre bris\u00e9e. \u00c0 l\u2019int\u00e9rieur de la maison, le voleur est pris en flagrant d\u00e9lit mais l\u2019interpellation est compliqu\u00e9e.<\/p>\n<p class=\" wall-content\">L\u2019homme refuse de se mettre au sol et se d\u00e9bat violemment en donnant des <b>coups de pied<\/b> et en <b>mordant<\/b> les policiers. Selon ces derniers, l\u2019homme de 41 ans les aurait \u00e9galement <b>copieusement insult\u00e9s<\/b> et a <b>crach\u00e9 \u00e0 plusieurs reprises<\/b>\u00a0sur eux. Dans le sac \u00e0 dos du cambrioleur, un ordinateur portable, un appareil photo et deux montres sont retrouv\u00e9s.<\/p>\n<p class=\" wall-content\">Selon le pr\u00e9venu, les policiers l\u2019ont insult\u00e9 et \u201cont \u00e9t\u00e9 violents en premier. \u00c7a s\u2019est tr\u00e8s mal pass\u00e9. <b>Un des policiers m\u2019a dit \u2018je vais te d\u00e9foncer petite pute\u2019<\/b>\u201d, explique-t-il. Au tribunal, l\u2019homme de 41 ans reconna\u00eet tout de m\u00eame \u201cune connerie absolue\u201d et <b>regrette ses actes<\/b>. Sorti de prison au mois de janvier, il n\u2019a depuis \u201cplus aucune ressource\u201d. <b>Fortement alcoolis\u00e9<\/b> au moment des faits, le pr\u00e9venu dit \u00eatre \u201c<b>devenu incontr\u00f4lable et fou de rage<\/b>\u201d.<\/p>\n<p class=\" wall-content\">Alcoolique depuis 2015, il semble \u00eatre \u201c<b>conscient de ses probl\u00e8mes<\/b>\u201d et souhaite entamer une cure et trouver du travail : \u201cJe veux m\u2019en sortir, <b>c\u2019\u00e9tait une grosse sortie de route<\/b>.\u201d<\/p>\n<p>\u201cIl ne se cache pas derri\u00e8re son petit doigt.\u201d<\/p>\n<p class=\" wall-content\">Selon l\u2019avocat des parties civiles,<b> les explications du pr\u00e9venu \u201cne sont pas cr\u00e9dibles\u201d<\/b>. Il d\u00e9nonce une \u201cinterpellation muscl\u00e9e\u201d qui d\u00e9montre le comportement violent du quadrag\u00e9naire. Trois policiers demandent mille euros d\u2019indemnisation, le dernier huit cents euros.<\/p>\n<p class=\" wall-content\">La procureure rappelle \u00e9galement une \u201cgrosse effraction\u201d et une \u201csalve d\u2019insultes\u201d que les policiers ont re\u00e7ue. Des faits graves pour lesquels elle juge que <b>le discours du pr\u00e9venu est \u201cun peu l\u00e9ger\u201d<\/b>. La procureure estime qu\u2019il n\u2019a montr\u00e9 \u201caucun mot pour la victime\u201d de l\u2019effraction. Elle requiert donc dix-huit mois de prison ferme et la r\u00e9vocation d\u2019un sursis de quatre mois.<\/p>\n<p class=\" wall-content\">Pour la d\u00e9fense, les r\u00e9quisitions sont trop s\u00e9v\u00e8res. L\u2019avocate rappelle la \u201csinc\u00e9rit\u00e9\u201d dont a fait preuve son client, qui <b>reconna\u00eet enti\u00e8rement les faits et s\u2019est excus\u00e9<\/b> \u00e0 plusieurs reprises. \u201cIl ne se cache pas derri\u00e8re son petit doigt\u201d, insiste-t-elle. Selon elle, il existe <b>une \u201cmultitude de possibilit\u00e9s pour \u00e9viter la prison ferme\u201d<\/b>.<\/p>\n<p class=\" wall-content\">Finalement, le pr\u00e9venu de 41 ans \u00e9cope de <b>huit mois d\u2019emprisonnement<\/b> et de la r\u00e9vocation d\u2019un sursis de quatre mois. Il doit \u00e9galement indemniser quatre cents euros \u00e0 trois policiers et trois cents euros au quatri\u00e8me. <b>La peine d\u2019emprisonnement sera enti\u00e8rement am\u00e9nag\u00e9e<\/b> en \u201cplacement ext\u00e9rieur\u201d. Le tribunal, convaincu par le \u201cdiscours lucide et conscient\u201d du pr\u00e9venu, appelle tout de m\u00eame ce dernier \u00e0 \u201cmesurer sa chance\u201d.<\/p>\n<p class=\" wall-content\"><b>Zo\u00e9 Hondt<\/b><\/p>\n<p class=\" wall-content\">Suivez toute l\u2019actualit\u00e9 de vos villes et m\u00e9dias favoris en vous inscrivant \u00e0 <a href=\"https:\/\/moncompte.actu.fr\" title=\"D\u00e9couvez Mon Actu\" rel=\"nofollow noopener\" data-trk=\"{&quot;cta&quot;:{&quot;action&quot;:&quot;https:\\\/\\\/moncompte.actu.fr&quot;,&quot;category&quot;:&quot;mon compte&quot;,&quot;from&quot;:&quot;article footer&quot;,&quot;name&quot;:&quot;Mon actu&quot;,&quot;type&quot;:&quot;cta&quot;}}\" target=\"_blank\">Mon Actu<\/a>.<\/p>\n","protected":false},"excerpt":{"rendered":"Par R\u00e9daction Lille Publi\u00e9 le 12 mai 2025 \u00e0 8h40 Mercredi 7 mai 2025, un homme de 41&hellip;\n","protected":false},"author":2,"featured_media":93620,"comment_status":"","ping_status":"","sticky":false,"template":"","format":"standard","meta":{"footnotes":""},"categories":[2815],"tags":[1111,11,1174,1777,674,118,1011,27,811,303,1307,12,1072,25],"class_list":{"0":"post-93619","1":"post","2":"type-post","3":"status-publish","4":"format-standard","5":"has-post-thumbnail","7":"category-lille","8":"tag-actu","9":"tag-actualites","10":"tag-cambriolage","11":"tag-eu","12":"tag-europe","13":"tag-faits-divers","14":"tag-fr","15":"tag-france","16":"tag-hauts-de-france","17":"tag-justice","18":"tag-lille","19":"tag-news","20":"tag-police","21":"tag-republique-francaise"},"share_on_mastodon":{"url":"https:\/\/pubeurope.com\/@fr\/114493583716732978","error":""},"_links":{"self":[{"href":"https:\/\/www.europesays.com\/fr\/wp-json\/wp\/v2\/posts\/93619","targetHints":{"allow":["GET"]}}],"collection":[{"href":"https:\/\/www.europesays.com\/fr\/wp-json\/wp\/v2\/posts"}],"about":[{"href":"https:\/\/www.europesays.com\/fr\/wp-json\/wp\/v2\/types\/post"}],"author":[{"embeddable":true,"href":"https:\/\/www.europesays.com\/fr\/wp-json\/wp\/v2\/users\/2"}],"replies":[{"embeddable":true,"href":"https:\/\/www.europesays.com\/fr\/wp-json\/wp\/v2\/comments?post=93619"}],"version-history":[{"count":0,"href":"https:\/\/www.europesays.com\/fr\/wp-json\/wp\/v2\/posts\/93619\/revisions"}],"wp:featuredmedia":[{"embeddable":true,"href":"https:\/\/www.europesays.com\/fr\/wp-json\/wp\/v2\/media\/93620"}],"wp:attachment":[{"href":"https:\/\/www.europesays.com\/fr\/wp-json\/wp\/v2\/media?parent=93619"}],"wp:term":[{"taxonomy":"category","embeddable":true,"href":"https:\/\/www.europesays.com\/fr\/wp-json\/wp\/v2\/categories?post=93619"},{"taxonomy":"post_tag","embeddable":true,"href":"https:\/\/www.europesays.com\/fr\/wp-json\/wp\/v2\/tags?post=93619"}],"curies":[{"name":"wp","href":"https:\/\/api.w.org\/{rel}","templated":true}]}}