{"id":93622,"date":"2025-05-12T07:04:08","date_gmt":"2025-05-12T07:04:08","guid":{"rendered":"https:\/\/www.europesays.com\/fr\/93622\/"},"modified":"2025-05-12T07:04:08","modified_gmt":"2025-05-12T07:04:08","slug":"onsemelespoir-mission-posidonie-avec-race-for-water","status":"publish","type":"post","link":"https:\/\/www.europesays.com\/fr\/93622\/","title":{"rendered":"[#OnS\u00e8meLespoir] Mission posidonie avec Race for Water"},"content":{"rendered":"\n<p>Deux conf\u00e9rences ouvertes \u00e0 tous, des ateliers de sensibilisation pour les jeunes g\u00e9n\u00e9rations, des visites du navire ambassadeur, un s\u00e9minaire sur la d\u00e9carbonation du transport maritime ainsi que la possibilit\u00e9 pour les entreprises d\u2019organiser des \u00e9v\u00e9nements \u00e0 bord du MODX 70\u00a0: voil\u00e0 le programme pour cette premi\u00e8re escale \u00e0 Marseille.<\/p>\n<p>Depuis 40 ans sur le long du littoral m\u00e9diterran\u00e9en fran\u00e7ais, des balisages ont \u00e9t\u00e9 install\u00e9s pour suivre l\u2019\u00e9volution des posidonies sur le long terme. Des plong\u00e9es d\u2019investigation de la limite inf\u00e9rieure de l\u2019herbier de Posidonie (environ 20 \u00e0 35\u00a0m de profondeur) sont pr\u00e9vues avec les scientifiques du GIS Posidonie pour retrouver ces balisages et explorer jusqu\u2019\u00e0 18 sites le long du littoral de la r\u00e9gion Paca. Cette mission permettra ainsi un retour in\u00e9dit et de mieux comprendre la trajectoire de cette esp\u00e8ce end\u00e9mique essentielle.<\/p>\n<p>Pr\u00e8s de 300 \u00e9l\u00e8ves, \u00e0 partir du CM2, sont attendus sur la semaine pour d\u00e9couvrir le navire et le parcours p\u00e9dagogique am\u00e9nag\u00e9 en partenariat avec les antennes locales des Petits D\u00e9brouillards et de la Fresque Oc\u00e9ane. Des \u00e9tudiants de l\u2019\u00c9cole nationale sup\u00e9rieure maritime auront \u00e9galement l\u2019opportunit\u00e9 d\u2019\u00e9changer avec l\u2019\u00e9quipage et d\u2019aborder les enjeux et les solutions de la d\u00e9carbonation du transport maritime.<\/p>\n<p> Deux conf\u00e9rences gratuites\n              <\/p>\n<p>Enfin le 12 et 15\u00a0mai au soir, deux conf\u00e9rences gratuites ouvertes au grand public seront \u00e9galement organis\u00e9es pour mobiliser sur la pr\u00e9servation de l\u2019oc\u00e9an. Elles permettront au public d\u2019\u00e9changer en direct avec des scientifiques et des d\u00e9fenseurs de cet \u00e9cosyst\u00e8me vital.<\/p>\n","protected":false},"excerpt":{"rendered":"Deux conf\u00e9rences ouvertes \u00e0 tous, des ateliers de sensibilisation pour les jeunes g\u00e9n\u00e9rations, des visites du navire ambassadeur,&hellip;\n","protected":false},"author":2,"featured_media":93623,"comment_status":"","ping_status":"","sticky":false,"template":"","format":"standard","meta":{"footnotes":""},"categories":[2814],"tags":[1111,11,1777,674,1011,27,884,12,12687,882,25],"class_list":{"0":"post-93622","1":"post","2":"type-post","3":"status-publish","4":"format-standard","5":"has-post-thumbnail","7":"category-marseille","8":"tag-actu","9":"tag-actualites","10":"tag-eu","11":"tag-europe","12":"tag-fr","13":"tag-france","14":"tag-marseille","15":"tag-news","16":"tag-oceans","17":"tag-provence-alpes-cote-dazur","18":"tag-republique-francaise"},"share_on_mastodon":{"url":"https:\/\/pubeurope.com\/@fr\/114493591685241940","error":""},"_links":{"self":[{"href":"https:\/\/www.europesays.com\/fr\/wp-json\/wp\/v2\/posts\/93622","targetHints":{"allow":["GET"]}}],"collection":[{"href":"https:\/\/www.europesays.com\/fr\/wp-json\/wp\/v2\/posts"}],"about":[{"href":"https:\/\/www.europesays.com\/fr\/wp-json\/wp\/v2\/types\/post"}],"author":[{"embeddable":true,"href":"https:\/\/www.europesays.com\/fr\/wp-json\/wp\/v2\/users\/2"}],"replies":[{"embeddable":true,"href":"https:\/\/www.europesays.com\/fr\/wp-json\/wp\/v2\/comments?post=93622"}],"version-history":[{"count":0,"href":"https:\/\/www.europesays.com\/fr\/wp-json\/wp\/v2\/posts\/93622\/revisions"}],"wp:featuredmedia":[{"embeddable":true,"href":"https:\/\/www.europesays.com\/fr\/wp-json\/wp\/v2\/media\/93623"}],"wp:attachment":[{"href":"https:\/\/www.europesays.com\/fr\/wp-json\/wp\/v2\/media?parent=93622"}],"wp:term":[{"taxonomy":"category","embeddable":true,"href":"https:\/\/www.europesays.com\/fr\/wp-json\/wp\/v2\/categories?post=93622"},{"taxonomy":"post_tag","embeddable":true,"href":"https:\/\/www.europesays.com\/fr\/wp-json\/wp\/v2\/tags?post=93622"}],"curies":[{"name":"wp","href":"https:\/\/api.w.org\/{rel}","templated":true}]}}