{"id":93628,"date":"2025-05-12T07:07:08","date_gmt":"2025-05-12T07:07:08","guid":{"rendered":"https:\/\/www.europesays.com\/fr\/93628\/"},"modified":"2025-05-12T07:07:08","modified_gmt":"2025-05-12T07:07:08","slug":"un-colis-suspect-paralyse-la-ligne-a-du-metro-et-les-tramways-2","status":"publish","type":"post","link":"https:\/\/www.europesays.com\/fr\/93628\/","title":{"rendered":"un colis suspect paralyse la ligne A du m\u00e9tro et les tramways"},"content":{"rendered":"<p itemprop=\"description\"><strong>Les Lyonnais commencent \u00e0 avoir l&rsquo;habitude de d\u00e9buter leur semaine avec un trafic TCL perturb\u00e9.<\/strong><\/p>\n<p>Ce lundi matin, c&rsquo;est la ligne A du m\u00e9tro qui circule difficilement, la faute \u00e0 un colis suspect \u00e0 Perrache.<\/p>\n<p>Les stations allant de Perrache \u00e0 Mass\u00e9na ne sont plus desservies, le m\u00e9tro circule toutefois de Charpennes \u00e0 Vaulx-en-Velin La Soie.<\/p>\n<p>La ligne T2 du tramway est aussi touch\u00e9e, elle circule uniquement de Saint-Priest Bel Air \u00e0 Centre Berthelot, tandis que les stations de H\u00f4tel de R\u00e9gion Montrochet \u00e0 Perrache ne sont plus desservies.<\/p>\n<p>Tandis que la ligne T1 circule uniquement\u00a0de\u00a0INSA-Einstein\u00a0\u00e0\u00a0Quai Claude Bernard.<\/p>\n<p>La reprise du trafic est estim\u00e9e \u00e0 9h30.<\/p>\n","protected":false},"excerpt":{"rendered":"Les Lyonnais commencent \u00e0 avoir l&rsquo;habitude de d\u00e9buter leur semaine avec un trafic TCL perturb\u00e9. Ce lundi matin,&hellip;\n","protected":false},"author":2,"featured_media":93627,"comment_status":"","ping_status":"","sticky":false,"template":"","format":"standard","meta":{"footnotes":""},"categories":[1889],"tags":[1111,11,2813,2190,2430,1109,251,1112,2811,1777,674,118,1011,27,1922,1110,1114,2428,2810,12,241,316,25,2812,517,800],"class_list":{"0":"post-93628","1":"post","2":"type-post","3":"status-publish","4":"format-standard","5":"has-post-thumbnail","7":"category-lyon","8":"tag-actu","9":"tag-actualites","10":"tag-article","11":"tag-asvel","12":"tag-auvergne-rhone-alpes","13":"tag-breves","14":"tag-culture","15":"tag-depeches","16":"tag-economique","17":"tag-eu","18":"tag-europe","19":"tag-faits-divers","20":"tag-fr","21":"tag-france","22":"tag-info","23":"tag-informations","24":"tag-infos","25":"tag-lyon","26":"tag-lyonmag","27":"tag-news","28":"tag-ol","29":"tag-politique","30":"tag-republique-francaise","31":"tag-sociale","32":"tag-sport","33":"tag-transports"},"share_on_mastodon":{"url":"https:\/\/pubeurope.com\/@fr\/114493603394424379","error":""},"_links":{"self":[{"href":"https:\/\/www.europesays.com\/fr\/wp-json\/wp\/v2\/posts\/93628","targetHints":{"allow":["GET"]}}],"collection":[{"href":"https:\/\/www.europesays.com\/fr\/wp-json\/wp\/v2\/posts"}],"about":[{"href":"https:\/\/www.europesays.com\/fr\/wp-json\/wp\/v2\/types\/post"}],"author":[{"embeddable":true,"href":"https:\/\/www.europesays.com\/fr\/wp-json\/wp\/v2\/users\/2"}],"replies":[{"embeddable":true,"href":"https:\/\/www.europesays.com\/fr\/wp-json\/wp\/v2\/comments?post=93628"}],"version-history":[{"count":0,"href":"https:\/\/www.europesays.com\/fr\/wp-json\/wp\/v2\/posts\/93628\/revisions"}],"wp:featuredmedia":[{"embeddable":true,"href":"https:\/\/www.europesays.com\/fr\/wp-json\/wp\/v2\/media\/93627"}],"wp:attachment":[{"href":"https:\/\/www.europesays.com\/fr\/wp-json\/wp\/v2\/media?parent=93628"}],"wp:term":[{"taxonomy":"category","embeddable":true,"href":"https:\/\/www.europesays.com\/fr\/wp-json\/wp\/v2\/categories?post=93628"},{"taxonomy":"post_tag","embeddable":true,"href":"https:\/\/www.europesays.com\/fr\/wp-json\/wp\/v2\/tags?post=93628"}],"curies":[{"name":"wp","href":"https:\/\/api.w.org\/{rel}","templated":true}]}}