{"id":93629,"date":"2025-05-12T07:08:08","date_gmt":"2025-05-12T07:08:08","guid":{"rendered":"https:\/\/www.europesays.com\/fr\/93629\/"},"modified":"2025-05-12T07:08:08","modified_gmt":"2025-05-12T07:08:08","slug":"pompac-developpement-se-renforce-en-ile-de-france","status":"publish","type":"post","link":"https:\/\/www.europesays.com\/fr\/93629\/","title":{"rendered":"Pompac D\u00e9veloppement se renforce en Ile-de-France"},"content":{"rendered":"<p>\nEncore et toujours, Pompac D\u00e9veloppement poursuit son expansion. D\u2019apr\u00e8s notre confr\u00e8re digital Sdbpro.fr, la filiale fran\u00e7aise GC Grupp vient de reprendre l\u2019activit\u00e9 d&rsquo;Orvif. C\u2019est par l\u2019interm\u00e9diaire de sa filiale francilienne PCH Chadapaux (78,9 M\u20ac de CA en 2023), pr\u00e9sid\u00e9e par Julien Savoy, que Pompac D\u00e9veloppement a acquis ce sp\u00e9cialiste du sanitaire.<\/p>\n<p>\nAdh\u00e9rent d&rsquo;Algorel en Ile-de-France, le n\u00e9gociant exploite cinq points de vente, deux salles d\u2019exposition \u00e0 l\u2019enseigne Au Fil du Bain dans Paris intra-muros et une plateforme de stockage \u00e0 Orly (Val-de-Marne). En 2023, il avait r\u00e9alis\u00e9 un chiffre d&rsquo;affaires de 35,7 M\u20ac, en baisse de 3 % par rapport \u00e0 l&rsquo;exercice pr\u00e9c\u00e9dent. Un r\u00e9sultat qui lui permettait de revendiquer une part de march\u00e9 de plus 10 % sur le march\u00e9 sanitaire francilien.<\/p>\n<p>\nPour \u00eatre complet, Orvif avait \u00e9t\u00e9 r\u00e9compens\u00e9 en 2023 par un Troph\u00e9e du n\u00e9goce dans la cat\u00e9gorie Supply chain pour son sch\u00e9ma de livraison \u00e0 la demi-journ\u00e9e, avec une part d&rsquo;offre en 2h en v\u00e9lo cargo.<\/p>\n<p>\n\u00a0<\/p>\n<p class=\"editoTitleType1 editoTitleType1--lagoon is-uppercase\">S\u00e9lectionn\u00e9 <b>pour vous<\/b><\/p>\n<p><a class=\"editoCardType21__link editoCardType21__containerImage\" href=\"https:\/\/www.lemoniteur.fr\/article\/briconord-changement-d-actionnaires.2345400\" data-xiti-name=\"2345400\" target=\"_blank\" rel=\"noopener\"><br \/>\n<img decoding=\"async\" src=\"data:image\/gif;base64,R0lGODdhAQABAPAAAMPDwwAAACwAAAAAAQABAAACAkQBADs=\" data-original=\"\/mediatheque\/1\/4\/0\/002424041_256x170_c.png\" alt=\"Briconord : changement d'actionnaires\"\/><br \/>\n<\/a><\/p>\n","protected":false},"excerpt":{"rendered":"Encore et toujours, Pompac D\u00e9veloppement poursuit son expansion. D\u2019apr\u00e8s notre confr\u00e8re digital Sdbpro.fr, la filiale fran\u00e7aise GC Grupp&hellip;\n","protected":false},"author":2,"featured_media":93630,"comment_status":"","ping_status":"","sticky":false,"template":"","format":"standard","meta":{"footnotes":""},"categories":[1592],"tags":[1111,11,20603,20604,1777,674,1011,27,2602,662,20602,6530,6531,12,626,25],"class_list":{"0":"post-93629","1":"post","2":"type-post","3":"status-publish","4":"format-standard","5":"has-post-thumbnail","7":"category-ile-de-france","8":"tag-actu","9":"tag-actualites","10":"tag-algorel","11":"tag-cessions-et-acquisitio","12":"tag-eu","13":"tag-europe","14":"tag-fr","15":"tag-france","16":"tag-grand-paris-ile-de-fra","17":"tag-ile-de-france","18":"tag-les-strategies","19":"tag-negoce","20":"tag-negoce-chauffage-sanit","21":"tag-news","22":"tag-paris","23":"tag-republique-francaise"},"share_on_mastodon":{"url":"https:\/\/pubeurope.com\/@fr\/114493607392974801","error":""},"_links":{"self":[{"href":"https:\/\/www.europesays.com\/fr\/wp-json\/wp\/v2\/posts\/93629","targetHints":{"allow":["GET"]}}],"collection":[{"href":"https:\/\/www.europesays.com\/fr\/wp-json\/wp\/v2\/posts"}],"about":[{"href":"https:\/\/www.europesays.com\/fr\/wp-json\/wp\/v2\/types\/post"}],"author":[{"embeddable":true,"href":"https:\/\/www.europesays.com\/fr\/wp-json\/wp\/v2\/users\/2"}],"replies":[{"embeddable":true,"href":"https:\/\/www.europesays.com\/fr\/wp-json\/wp\/v2\/comments?post=93629"}],"version-history":[{"count":0,"href":"https:\/\/www.europesays.com\/fr\/wp-json\/wp\/v2\/posts\/93629\/revisions"}],"wp:featuredmedia":[{"embeddable":true,"href":"https:\/\/www.europesays.com\/fr\/wp-json\/wp\/v2\/media\/93630"}],"wp:attachment":[{"href":"https:\/\/www.europesays.com\/fr\/wp-json\/wp\/v2\/media?parent=93629"}],"wp:term":[{"taxonomy":"category","embeddable":true,"href":"https:\/\/www.europesays.com\/fr\/wp-json\/wp\/v2\/categories?post=93629"},{"taxonomy":"post_tag","embeddable":true,"href":"https:\/\/www.europesays.com\/fr\/wp-json\/wp\/v2\/tags?post=93629"}],"curies":[{"name":"wp","href":"https:\/\/api.w.org\/{rel}","templated":true}]}}