{"id":93635,"date":"2025-05-12T07:11:09","date_gmt":"2025-05-12T07:11:09","guid":{"rendered":"https:\/\/www.europesays.com\/fr\/93635\/"},"modified":"2025-05-12T07:11:09","modified_gmt":"2025-05-12T07:11:09","slug":"les-riverains-du-8e-arrondissement-intrigues-par-la-possible-arrivee-des-mormons-dans-le-quartier","status":"publish","type":"post","link":"https:\/\/www.europesays.com\/fr\/93635\/","title":{"rendered":"Les riverains du 8e arrondissement intrigu\u00e9s par la possible arriv\u00e9e des Mormons dans le quartier"},"content":{"rendered":"<p><strong>Convers(at)ion &#8211; Le si\u00e8ge du parti Renaissance, situ\u00e9 rue du Rocher dans le 8e arrondissement de Paris pourrait \u00eatre rachet\u00e9 par l\u2019\u00c9glise de J\u00e9sus-Christ des saints des derniers jours pour \u00eatre transform\u00e9 en lieu de culte<\/strong><\/p>\n<p>Le 8e arrondissement de <a href=\"https:\/\/www.20minutes.fr\/paris\/?at_medium=RSS+feed&amp;at_campaign=ynews&amp;utm_source=yahoo&amp;utm_medium=rss&amp;utm_campaign=news_feed&amp;utm_content=in_article_link\" rel=\"nofollow noopener\" target=\"_blank\" data-ylk=\"slk:Paris;elm:context_link;itc:0;sec:content-canvas\" class=\"link \">Paris<\/a> pourrait accueillir un nouveau lieu de culte. Jusqu\u2019alors d\u00e9di\u00e9 \u00e0 l\u2019adoration de \u00ab Saint Emmanuel \u00bb <a href=\"https:\/\/www.20minutes.fr\/politique\/emmanuel-macron\/?at_medium=RSS+feed&amp;at_campaign=ynews&amp;utm_source=yahoo&amp;utm_medium=rss&amp;utm_campaign=news_feed&amp;utm_content=in_article_link\" rel=\"nofollow noopener\" target=\"_blank\" data-ylk=\"slk:Macron;elm:context_link;itc:0;sec:content-canvas\" class=\"link \">Macron<\/a> et son premier disciple, l\u2019\u00ab ange Gabriel \u00bb <a href=\"https:\/\/www.20minutes.fr\/politique\/gabriel-attal\/?at_medium=RSS+feed&amp;at_campaign=ynews&amp;utm_source=yahoo&amp;utm_medium=rss&amp;utm_campaign=news_feed&amp;utm_content=in_article_link\" rel=\"nofollow noopener\" target=\"_blank\" data-ylk=\"slk:Attal;elm:context_link;itc:0;sec:content-canvas\" class=\"link \">Attal<\/a>, le si\u00e8ge du parti <a href=\"https:\/\/www.20minutes.fr\/politique\/renaissance\/?at_medium=RSS+feed&amp;at_campaign=ynews&amp;utm_source=yahoo&amp;utm_medium=rss&amp;utm_campaign=news_feed&amp;utm_content=in_article_link\" rel=\"nofollow noopener\" target=\"_blank\" data-ylk=\"slk:Renaissance;elm:context_link;itc:0;sec:content-canvas\" class=\"link \">Renaissance<\/a>, situ\u00e9 rue du Rocher, dans le centre de la capitale, est \u00e0 vendre. Dans son \u00e9dition du dimanche 4 mai dernier, Le Parisien avan\u00e7ait un int\u00e9r\u00eat certain de <a href=\"https:\/\/www.20minutes.fr\/high-tech\/by-the-web\/4087792-20240425-beaucoup-plus-joie-aujourd-hui-enfer-telerealite-eglise-mormone-haneia-raconte?at_medium=RSS+feed&amp;at_campaign=ynews&amp;utm_source=yahoo&amp;utm_medium=rss&amp;utm_campaign=news_feed&amp;utm_content=in_article_link\" rel=\"nofollow noopener\" target=\"_blank\" data-ylk=\"slk:l\u2019\u00c9glise de J\u00e9sus-Christ des saints des derniers jours;elm:context_link;itc:0;sec:content-canvas\" class=\"link \">l\u2019\u00c9glise de J\u00e9sus-Christ des saints des derniers jours<\/a>, plus connu sous le nom de congr\u00e9gation des Mormons, qui aurait demand\u00e9 une visite de ce b\u00e2timent de sept \u00e9tages situ\u00e9 \u00e0 quelques dizaines de m\u00e8tres de la gare Saint-Lazare.<\/p>\n<p>Une information confirm\u00e9e \u00e0 20 Minutes par Matthieu, un porte-parole des Mormons : \u00ab Ce n\u2019est pas un scoop. Notre b\u00e2timent central dans Paris, situ\u00e9 dans le Marais, ne satisfait pas compl\u00e8tement nos besoins. Nous recherchons \u00e0 am\u00e9liorer notre lieu de culte central parisien et cela fait un moment qu\u2019on cherche. Nous avons quelques pistes, mais c\u2019est un peu long parce qu\u2019il y a des d\u00e9marches particuli\u00e8res pour transformer un immeuble en lieu de culte. \u00bb Et le si\u00e8ge de Renaissance fait bien partie des possibilit\u00e9s.<\/p>\n<p>Une religion \u00ab made in Utah \u00bb<\/p>\n<p>Une information qui surprend dans ce quartier cossu de la capitale. D\u2019abord en raison de l\u2019identit\u00e9 des potentiels acqu\u00e9reurs. \u00ab Mais \u00e7a existe encore cette religion, s\u2019interroge Mathilde qui habite \u00e0 un p\u00e2t\u00e9 de maisons du b\u00e2timent, je croyais que \u00e7a avait disparu. \u00bb Son amie, Agla\u00e9 ne peut l\u2019aider sur ce point. \u00ab Je n\u2019en ai jamais entendu parler \u00bb,(&#8230;)<\/p>\n<p><a href=\"https:\/\/www.20minutes.fr\/paris\/4152227-20250512-paris-riverains-8e-arrondissement-intrigues-possible-arrivee-mormons-quartier?at_medium=RSS+feed&amp;at_campaign=ynews&amp;utm_source=yahoo&amp;utm_medium=rss&amp;utm_campaign=news_feed&amp;utm_content=read_more_link\" rel=\"nofollow noopener\" target=\"_blank\" data-ylk=\"slk:Lire la suite sur 20minutes;elm:context_link;itc:0;sec:content-canvas\" class=\"link \">Lire la suite sur 20minutes<\/a><\/p>\n<p>\u00c0 lire aussi :<br \/><a href=\"https:\/\/www.20minutes.fr\/high-tech\/by-the-web\/4087792-20240425-beaucoup-plus-joie-aujourd-hui-enfer-telerealite-eglise-mormone-haneia-raconte?at_medium=RSS+feed&amp;at_campaign=ynews&amp;utm_source=yahoo&amp;utm_medium=rss&amp;utm_campaign=news_feed&amp;utm_content=related_content_link\" rel=\"nofollow noopener\" target=\"_blank\" data-ylk=\"slk:\u00ab J\u2019ai beaucoup plus de joie aujourd\u2019hui \u00bb\u2026 De l\u2019enfer de la t\u00e9l\u00e9r\u00e9alit\u00e9 \u00e0 l\u2019\u00e9glise mormone, Haneia raconte;elm:context_link;itc:0;sec:content-canvas\" class=\"link \">\u00ab J\u2019ai beaucoup plus de joie aujourd\u2019hui \u00bb\u2026 De l\u2019enfer de la t\u00e9l\u00e9r\u00e9alit\u00e9 \u00e0 l\u2019\u00e9glise mormone, Haneia raconte<\/a><br \/><a href=\"https:\/\/www.20minutes.fr\/monde\/4040283-20230607-etats-unis-utah-interdit-bible-primaire-cause-passages-vulgaires-violents?at_medium=RSS+feed&amp;at_campaign=ynews&amp;utm_source=yahoo&amp;utm_medium=rss&amp;utm_campaign=news_feed&amp;utm_content=related_content_link\" rel=\"nofollow noopener\" target=\"_blank\" data-ylk=\"slk:\u00c9tats-Unis : L\u2019Utah interdit la Bible dans des \u00e9coles \u00e0 cause de passages \u00ab vulgaires ou violents \u00bb;elm:context_link;itc:0;sec:content-canvas\" class=\"link \">\u00c9tats-Unis : L\u2019Utah interdit la Bible dans des \u00e9coles \u00e0 cause de passages \u00ab vulgaires ou violents \u00bb<\/a><\/p>\n","protected":false},"excerpt":{"rendered":"Convers(at)ion &#8211; Le si\u00e8ge du parti Renaissance, situ\u00e9 rue du Rocher dans le 8e arrondissement de Paris pourrait&hellip;\n","protected":false},"author":2,"featured_media":93636,"comment_status":"","ping_status":"","sticky":false,"template":"","format":"standard","meta":{"footnotes":""},"categories":[1888],"tags":[20606,1111,1928,11,1927,1777,674,1011,27,20608,20609,12,1926,626,1925,3370,25,20607,20605],"class_list":{"0":"post-93635","1":"post","2":"type-post","3":"status-publish","4":"format-standard","5":"has-post-thumbnail","7":"category-paris","8":"tag-8e-arrondissement-de-paris","9":"tag-actu","10":"tag-actu-paris","11":"tag-actualites","12":"tag-actualites-paris","13":"tag-eu","14":"tag-europe","15":"tag-fr","16":"tag-france","17":"tag-jesus-christ","18":"tag-lieu-de-culte","19":"tag-news","20":"tag-news-paris","21":"tag-paris","22":"tag-paris-news","23":"tag-renaissance","24":"tag-republique-francaise","25":"tag-rue-du-rocher","26":"tag-saints-des-derniers-jours"},"share_on_mastodon":{"url":"https:\/\/pubeurope.com\/@fr\/114493619265726051","error":""},"_links":{"self":[{"href":"https:\/\/www.europesays.com\/fr\/wp-json\/wp\/v2\/posts\/93635","targetHints":{"allow":["GET"]}}],"collection":[{"href":"https:\/\/www.europesays.com\/fr\/wp-json\/wp\/v2\/posts"}],"about":[{"href":"https:\/\/www.europesays.com\/fr\/wp-json\/wp\/v2\/types\/post"}],"author":[{"embeddable":true,"href":"https:\/\/www.europesays.com\/fr\/wp-json\/wp\/v2\/users\/2"}],"replies":[{"embeddable":true,"href":"https:\/\/www.europesays.com\/fr\/wp-json\/wp\/v2\/comments?post=93635"}],"version-history":[{"count":0,"href":"https:\/\/www.europesays.com\/fr\/wp-json\/wp\/v2\/posts\/93635\/revisions"}],"wp:featuredmedia":[{"embeddable":true,"href":"https:\/\/www.europesays.com\/fr\/wp-json\/wp\/v2\/media\/93636"}],"wp:attachment":[{"href":"https:\/\/www.europesays.com\/fr\/wp-json\/wp\/v2\/media?parent=93635"}],"wp:term":[{"taxonomy":"category","embeddable":true,"href":"https:\/\/www.europesays.com\/fr\/wp-json\/wp\/v2\/categories?post=93635"},{"taxonomy":"post_tag","embeddable":true,"href":"https:\/\/www.europesays.com\/fr\/wp-json\/wp\/v2\/tags?post=93635"}],"curies":[{"name":"wp","href":"https:\/\/api.w.org\/{rel}","templated":true}]}}