{"id":93648,"date":"2025-05-12T07:18:08","date_gmt":"2025-05-12T07:18:08","guid":{"rendered":"https:\/\/www.europesays.com\/fr\/93648\/"},"modified":"2025-05-12T07:18:08","modified_gmt":"2025-05-12T07:18:08","slug":"allemagne-un-plan-de-relance-a-long-terme-pour-rester-la-premiere-economie-deurope","status":"publish","type":"post","link":"https:\/\/www.europesays.com\/fr\/93648\/","title":{"rendered":"Allemagne\u00a0: un plan de relance \u00e0 long terme pour rester la premi\u00e8re \u00e9conomie d\u2019Europe"},"content":{"rendered":"<p><strong>Le paquet fiscal adopt\u00e9 par le Parlement allemand le 21 mars dernier doit permettre \u00e0 la premi\u00e8re \u00e9conomie d\u2019Europe de se relancer notamment gr\u00e2ce \u00e0 des investissements sans pr\u00e9c\u00e9dent dans la d\u00e9fense et les infrastructures. Les effets positifs de ce plan de relance pourraient toutefois mettre du temps \u00e0 se concr\u00e9tiser. <\/strong><\/p>\n<p>L\u2019\u00e9conomie allemande n\u2019a pas dit son dernier mot. Tel est, en tout cas, le message que le leader conservateur <strong>Friedrich Merz<\/strong>, devenu officiellement chancelier le 7 mai, a clairement fait passer en faisant adopter un plan de relance d\u2019une telle ampleur que le ministre-pr\u00e9sident de Bavi\u00e8re l\u2019a qualifi\u00e9 de <strong>\u00ab plan Marshall allemand \u00bb<\/strong>.<\/p>\n<p>La comparaison fait r\u00e9f\u00e9rence \u00e0 la (tr\u00e8s) grosse enveloppe de <strong>500 milliards d\u2019euros (Md EUR)<\/strong> sur 12 ans destin\u00e9e \u00e0 la r\u00e9novation des infrastructures, dont 100 Md EUR r\u00e9serv\u00e9s aux <strong>communes<\/strong> et aux <strong>L\u00e4nder<\/strong> et 100 Md EUR fl\u00e9ch\u00e9s vers le <strong>Fonds climat et transformation (KTF)<\/strong>. Le KTF doit permettre de financer la modernisation des routes et des ponts, des r\u00e9seaux de transport d\u2019\u00e9nergie ou encore les h\u00f4pitaux.<\/p>\n<p><strong>Fin du tabou du d\u00e9ficit budg\u00e9taire<\/strong><\/p>\n<p>\u00a0<\/p>\n<p>Une initiative bienvenue dans un pays o\u00f9 <strong>la v\u00e9tust\u00e9 des infrastructures<\/strong> fait r\u00e9guli\u00e8rement la une des journaux\u00a0(effondrement d\u2019un pont \u00e0 Dresde en septembre 2024, fermeture du pont autoroutier de l\u2019A100 pendant deux ans \u00e0 Berlin\u2026), mais qui fait figure de r\u00e9volution dans un pays traditionnellement tr\u00e8s attach\u00e9 \u00e0 ne pas faire flamber les d\u00e9penses publiques.<\/p>\n<p>Ce m\u00e9ga plan inclut en effet un <strong>amendement constitutionnel<\/strong> permettant aux L\u00e4nder d\u2019afficher un d\u00e9ficit structurel de 0,35 % de son PIB (plafonnement jusque-l\u00e0 r\u00e9serv\u00e9 au seul gouvernement f\u00e9d\u00e9ral).<\/p>\n<p>Un autre amendement de la constitution (qui constitue aussi une r\u00e9volution) pr\u00e9voit l\u2019exemption du frein \u00e0 la dette pour <strong>les d\u00e9penses de d\u00e9fense et de s\u00e9curit\u00e9<\/strong> au-del\u00e0 de 1 % du PIB. Confirm\u00e9 ministre de la D\u00e9fense lundi 5 mai, <strong>Boris Pistorius<\/strong> sera charg\u00e9 du r\u00e9armement de l\u2019Allemagne, per\u00e7u comme une n\u00e9cessit\u00e9 face \u00e0 la menace russe et la fin du soutien am\u00e9ricain \u00e0 l\u2019Ukraine.<\/p>\n<p><strong>Baisse de la fiscalit\u00e9 sur les entreprises<\/strong><\/p>\n<p>\u00a0<\/p>\n<p>Sont \u00e9galement pr\u00e9vues des <strong>mesures d\u2019incitation fiscale<\/strong> \u00e0 l\u2019investissement dans les biens d\u2019\u00e9quipement et, \u00e0 partir de 2028, une <strong>baisse de 1 % par an du taux d\u2019imposition<\/strong> des entreprises.<\/p>\n<p>En outre, les entreprises b\u00e9n\u00e9ficieront d\u2019une <strong>\u00e9lectricit\u00e9 <\/strong>moins ch\u00e8re. Alors qu\u2019elle est de 10 centimes par kWh sup\u00e9rieure \u00e0 la moyenne europ\u00e9enne, environ 5 centimes seront financ\u00e9s gr\u00e2ce \u00e0 une baisse de la taxe sur l\u2019\u00e9lectricit\u00e9 et \u00e0 un plafonnement des redevances de r\u00e9seau.<\/p>\n<p>Enfin, le nouveau gouvernement s\u2019est engag\u00e9 \u00e0 <strong>r\u00e9duire la bureaucratie<\/strong> et les formalit\u00e9s administratives, en particulier pour les PME. Ce changement doit passer par une plus grande <strong>digitalisation<\/strong> des relations entre entreprise et administration et un <strong>minist\u00e8re des Affaires digitales<\/strong> a \u00e9t\u00e9 cr\u00e9\u00e9 \u00e0 cet effet.<\/p>\n<p><strong>Des effets attendus en 2026 <\/strong><\/p>\n<p>\u00a0<\/p>\n<p>Apr\u00e8s deux ans d\u2019une r\u00e9cession qui inqui\u00e8te ses partenaires, en premier lieu la <strong>France<\/strong>, l\u2019Allemagne a donc d\u00e9cid\u00e9 de mettre les bouch\u00e9es doubles et de maintenir son rang de premi\u00e8re puissance \u00e9conomique europ\u00e9enne. A cet \u00e9gard, l\u2019annonce de ce m\u00e9ga-plan a produit ses premiers effets, plut\u00f4t <strong>positifs<\/strong>.<\/p>\n<p>Apr\u00e8s sa publication, les tendances relev\u00e9es par les <strong>enqu\u00eates de conjoncture s<\/strong>e sont en effet nettement redress\u00e9es. <strong>L\u2019indice de confiance<\/strong> <strong>des analystes financiers (ZEW)<\/strong>, publi\u00e9 le 18 mars, a montr\u00e9 une hausse de 21,6 points du solde d\u2019opinion relatif aux perspectives \u00e9conomiques du pays. Le 25 mars, <strong>l\u2019indice IFO<\/strong>, qui mesure le climat des affaires par secteur d\u2019activit\u00e9, a connu une am\u00e9lioration dans le secteur manufacturier (+ 7,3 points par rapport \u00e0 f\u00e9vrier), mais aussi le commerce de gros et les services.<\/p>\n<p>Les indicateurs macro\u00e9conomiques ont \u00e9galement relev\u00e9 la t\u00eate. L\u2019<strong>Institut de Kiel pour l\u2019\u00e9conomie mondiale (ifW)<\/strong> a ainsi relev\u00e9 de 0,6 point ses perspectives de croissance du PIB en 2026,<strong> \u00e0 1,5 %.<\/strong><\/p>\n<p>Les effets positifs de ce plan de relance devraient mettre plusieurs mois \u00e0 se concr\u00e9tiser, \u00ab\u00a0au plus t\u00f4t \u00e0 l\u2019\u00e9t\u00e9 2025\u00a0\u00bb, selon une note de la <strong>DG Tr\u00e9sor<\/strong> fran\u00e7aise, qui pr\u00e9cise que \u00ab\u00a0l\u2019impulsion budg\u00e9taire se mat\u00e9rialiserait surtout \u00e0 compter de 2026\u00a0\u00bb. L\u2019institut de conjoncture <strong>DIW<\/strong> estime qu\u2019il permettrait au PIB allemand de progresser de <strong>1 % en 2026, puis de 2 % par an<\/strong> au cours de dix prochaines ann\u00e9es.<\/p>\n<p>Pour appliquer ces mesures pour le moins ambitieuses, l\u2019\u00e9conomie allemande devra relever <strong>bien des d\u00e9fis<\/strong> : la bureaucratie qui ralentit des projets d\u2019infrastructures d\u00e9j\u00e0 \u00e9tal\u00e9s dans le temps, une main d\u2019\u0153uvre toujours en situation de p\u00e9nurie ou encore la hausse des taux d\u2019int\u00e9r\u00eat d\u00e9clench\u00e9e par la hausse des rendements des obligations d\u2019Etat apr\u00e8s l\u2019annonce du plan de relance. Ce qui pourrait retarder ou refroidir les investissements priv\u00e9s.<\/p>\n<p>Sophie Creusillet <\/p>\n","protected":false},"excerpt":{"rendered":"Le paquet fiscal adopt\u00e9 par le Parlement allemand le 21 mars dernier doit permettre \u00e0 la premi\u00e8re \u00e9conomie&hellip;\n","protected":false},"author":2,"featured_media":93649,"comment_status":"","ping_status":"","sticky":false,"template":"","format":"standard","meta":{"footnotes":""},"categories":[1587],"tags":[11,672,1804,1805,1803,1777,674,1801,12,20610,1802,20611],"class_list":{"0":"post-93648","1":"post","2":"type-post","3":"status-publish","4":"format-standard","5":"has-post-thumbnail","7":"category-allemagne","8":"tag-actualites","9":"tag-allemagne","10":"tag-bundesrepublik-deutschland","11":"tag-de","12":"tag-deutschland","13":"tag-eu","14":"tag-europe","15":"tag-germany","16":"tag-news","17":"tag-plan-de-relance","18":"tag-republique-federale-dallemagne","19":"tag-risque-pays"},"share_on_mastodon":{"url":"https:\/\/pubeurope.com\/@fr\/114493646657460356","error":""},"_links":{"self":[{"href":"https:\/\/www.europesays.com\/fr\/wp-json\/wp\/v2\/posts\/93648","targetHints":{"allow":["GET"]}}],"collection":[{"href":"https:\/\/www.europesays.com\/fr\/wp-json\/wp\/v2\/posts"}],"about":[{"href":"https:\/\/www.europesays.com\/fr\/wp-json\/wp\/v2\/types\/post"}],"author":[{"embeddable":true,"href":"https:\/\/www.europesays.com\/fr\/wp-json\/wp\/v2\/users\/2"}],"replies":[{"embeddable":true,"href":"https:\/\/www.europesays.com\/fr\/wp-json\/wp\/v2\/comments?post=93648"}],"version-history":[{"count":0,"href":"https:\/\/www.europesays.com\/fr\/wp-json\/wp\/v2\/posts\/93648\/revisions"}],"wp:featuredmedia":[{"embeddable":true,"href":"https:\/\/www.europesays.com\/fr\/wp-json\/wp\/v2\/media\/93649"}],"wp:attachment":[{"href":"https:\/\/www.europesays.com\/fr\/wp-json\/wp\/v2\/media?parent=93648"}],"wp:term":[{"taxonomy":"category","embeddable":true,"href":"https:\/\/www.europesays.com\/fr\/wp-json\/wp\/v2\/categories?post=93648"},{"taxonomy":"post_tag","embeddable":true,"href":"https:\/\/www.europesays.com\/fr\/wp-json\/wp\/v2\/tags?post=93648"}],"curies":[{"name":"wp","href":"https:\/\/api.w.org\/{rel}","templated":true}]}}