{"id":93670,"date":"2025-05-12T07:31:11","date_gmt":"2025-05-12T07:31:11","guid":{"rendered":"https:\/\/www.europesays.com\/fr\/93670\/"},"modified":"2025-05-12T07:31:11","modified_gmt":"2025-05-12T07:31:11","slug":"tristan-delacroix-je-nai-pas-les-mots-actualite","status":"publish","type":"post","link":"https:\/\/www.europesays.com\/fr\/93670\/","title":{"rendered":"Tristan Delacroix : \u00ab Je n\u2019ai pas les mots \u00bb &#8211; Actualit\u00e9"},"content":{"rendered":"<p style=\"text-align: justify;\"><strong>Tristan Delacroix a tenu bon. Malgr\u00e9 le gros finish de Victor Loulergue et d\u2019Antoine Raugel dimanche apr\u00e8s-midi, lors de la troisi\u00e8me et derni\u00e8re \u00e9tape, le soci\u00e9taire de l\u2019AVC Aix Provence Dole est parvenu \u00e0 conserver son maillot jaune pour remporter le Circuit de Sa\u00f4ne-et-Loire (<a href=\"https:\/\/www.directvelo.com\/actualite\/120542\/circuit-de-saone-et-loire-et-3-classements\" target=\"_blank\" rel=\"noopener\">voir classements<\/a>), malgr\u00e9 un coup de chaud dans le final. Un grand bonheur pour l\u2019ancien professionnel, qui est revenu sur ce succ\u00e8s inattendu aupr\u00e8s de <\/strong><strong>DirectVelo<\/strong><strong>.<\/strong><\/p>\n<p><strong><strong>DirectVelo : Que repr\u00e9sente ce succ\u00e8s sur une course par \u00e9tapes en France, quatre ans apr\u00e8s avoir remport\u00e9 le Tour du Kosovo ?<br \/><\/strong><\/strong><strong>Tristan Delacroix : C\u2019est vrai que je n\u2019avais pas eu l&rsquo;occasion de gagner un g\u00e9n\u00e9ral en France jusque-l\u00e0 et je n\u2019aurai, je crois, plus l\u2019occasion de le faire (rire). Je vais la savourer, celle-l\u00e0 ! Le premier jour, j&rsquo;avais dit que sur un malentendu, l&rsquo;\u00e9chapp\u00e9e pouvait aller au bout. Le deuxi\u00e8me jour, sur un malentendu, je prends le maillot, et puis aujourd&rsquo;hui, j\u2019avais dit que sur un \u00e9ni\u00e8me malentendu, je pouvais le garder. C\u2019est ce qui s&rsquo;est pass\u00e9. C&rsquo;est g\u00e9nial, on a fait la course qu&rsquo;on voulait faire en mettant Ma\u00ebl (Soranzo) et Charles (Marchandise) devant. \u00c7a nous permettait de ne pas avoir \u00e0 contr\u00f4ler le peloton. Ensuite, on a juste eu \u00e0 suivre les attaques.<\/strong><\/p>\n<p><strong><strong>Mais le final t\u2019a donn\u00e9 quelques sueurs froides\u2026<br \/><\/strong><\/strong><strong>C\u2019\u00e9tait juste avant le passage sur la ligne dans l&rsquo;avant-dernier tour. Je me suis fait un peu surprendre. Je ne m&rsquo;attendais pas \u00e0 ce que \u00e7a soit si dur, mais Ma\u00ebl m&rsquo;a super bien ramen\u00e9 avec Joseph (Brookes). Il fallait mettre tout ce que j&rsquo;avais. Je savais qu&rsquo;en ne p\u00e9tant pas avant les 500 derniers m\u00e8tres dans la bosse finale du dernier tour, je ne perdrais pas 18 secondes dans la descente et dans le sprint final.<\/strong><\/p>\n<p><strong><strong>\u00ab JE NE PENSAIS PAS POUVOIR GAGNER EN \u00c9LITES\u00a0 \u00bb<\/strong><\/strong><\/p>\n<p><strong><strong>Victor Loulergue et Antoine Raugel t\u2019ont-ils fait peur ?<br \/><\/strong><\/strong><strong>J&rsquo;ai tout mis, mais je suis rest\u00e9 \u00e0 dix secondes. J&rsquo;\u00e9tais en gestion dans le dernier tour et demi. Je n&rsquo;arrive plus \u00e0 me mettre \u00e0 fond comme avant. Je fais avec les moyens du bord. Aujourd&rsquo;hui, les moyens du bord \u00e9taient suffisants, donc tant mieux. Je vais savourer. Je ne suis pas s\u00fbr de me retrouver encore dans cette situation cette ann\u00e9e. C&rsquo;est super. Franchement, je ne pensais pas pouvoir gagner en \u00c9lite dans ma vie apr\u00e8s la redescente en amateur. Je n&rsquo;ai pas les mots, parce que jeudi soir, je n&rsquo;y pensais m\u00eame pas. Je pensais peut-\u00eatre faire un Top 10 sur une \u00e9tape\u2026 Finalement, on va ramener le maillot jaune \u00e0 Aix. C&rsquo;est trop cool !<\/strong><\/p>\n<p><strong><strong>Pendant quelques kilom\u00e8tres, tu semblais ne plus avoir forc\u00e9ment le contr\u00f4le sur la situation\u2026<br \/><\/strong><\/strong><strong>Je me suis dit que si tout le monde s&rsquo;organisait, ils seraient capables de me faire perdre. Finalement, \u00e7a s&rsquo;est regard\u00e9. La situation n&rsquo;\u00e9tait pas compl\u00e8tement catastrophique non plus avec Mark (Lightfoot) qui \u00e9tait dans le jeu devant. Il \u00e9tait incroyablement fort aujourd&rsquo;hui et aurait pu gagner dans d\u2019autres circonstances, comme Ma\u00ebl. C&rsquo;est vraiment le travail collectif qui a pay\u00e9 aujourd&rsquo;hui. On a \u00e9t\u00e9 super solides. Il n&rsquo;y a rien \u00e0 redire. La tactique qu\u2019on a mise en place ce matin au briefing \u00e9tait exactement ce qu&rsquo;on a fait aujourd&rsquo;hui de A \u00e0 Z, du d\u00e9part fictif aux 500 derniers m\u00e8tres. C&rsquo;\u00e9tait du papier \u00e0 musique.<\/strong><\/p>\n<p><strong><strong>\u00ab DES SEMAINES DE PRESQUE 60 HEURES AU TOTAL \u00bb<\/strong><\/strong><\/p>\n<p><strong><strong>Et dire que l\u2019an dernier, tu nous avais confi\u00e9 h\u00e9siter \u00e0 arr\u00eater le v\u00e9lo !<br \/><\/strong><\/strong><strong>J&rsquo;ai continu\u00e9 et j&rsquo;ai eu une opportunit\u00e9 de travail en plus que je fais en freelance avec la soci\u00e9t\u00e9 Le French Cyclard, qui fait du textile pour les clubs. C&rsquo;est un pote qui g\u00e8re \u00e7a. Il me laisse la libert\u00e9 de m&rsquo;entra\u00eener comme il se doit. Je m&rsquo;\u00e9tais d\u00e9j\u00e0 engag\u00e9 avec Aix pour faire la saison \u00e0 fond. \u00c7a ne m&#8217;emp\u00eache pas de faire des semaines entre 20 et 30 heures de v\u00e9lo, et entre 20 et 30 heures de taf \u00e0 c\u00f4t\u00e9 \u00e9galement. Je fais des semaines de presque 60 heures au total. Plus le trajet en voiture tous les jours\u2026 Mais on ne peut pas vivre du v\u00e9lo amateur. Ce n&rsquo;est pas du tout ma volont\u00e9. On trouve des solutions et \u00e7a n&#8217;emp\u00eache pas d&rsquo;\u00eatre performant.<\/strong><\/p>\n<p><strong><strong>Quels objectifs t\u2019es-tu fix\u00e9s pour ces prochains mois ? Esp\u00e8res-tu, par exemple, conserver ton maillot de Champion de la R\u00e9gion Sud PACA ?<br \/><\/strong><\/strong><strong>J&rsquo;aimerais bien, mais je serai au mariage d&rsquo;une amie de ma copine la veille. Je serai pr\u00e9sent, parce que c&rsquo;est le club qui organise et que je suis tenant du titre. Le principal est que ce soit l&rsquo;\u00e9quipe qui ait le maillot. Apr\u00e8s, que ce soit moi ou un autre, c&rsquo;est secondaire. En octobre, je ne serai plus en \u00c9lite. Il vaut m\u00eame mieux que \u00e7a soit port\u00e9 par quelqu&rsquo;un d&rsquo;autre, en r\u00e9alit\u00e9. Pour le reste, il y aura tr\u00e8s vite le chrono par \u00e9quipes en Coupe de France (le Chrono Champenois, NDLR). Puis il y aura un gros bloc en juin avec le Beaujolais, le Nivernais et les Championnats de France. Mais on va d\u00e9j\u00e0 savourer cette victoire, sans trop rel\u00e2cher la pression car le chrono de dimanche prochain sera tr\u00e8s important pour l\u2019\u00e9quipe.\u00a0<\/strong><\/p>\n","protected":false},"excerpt":{"rendered":"Tristan Delacroix a tenu bon. Malgr\u00e9 le gros finish de Victor Loulergue et d\u2019Antoine Raugel dimanche apr\u00e8s-midi, lors&hellip;\n","protected":false},"author":2,"featured_media":93671,"comment_status":"","ping_status":"","sticky":false,"template":"","format":"standard","meta":{"footnotes":""},"categories":[1411],"tags":[834,828,836,829,837,827,83,826,824,823,1154,207,814,817,815,816,822,821,832,211,839,1011,27,820,818,819,835,831,830,833,838,60,212,208,825],"class_list":{"0":"post-93670","1":"post","2":"type-post","3":"status-publish","4":"format-standard","5":"has-post-thumbnail","7":"category-cyclisme","8":"tag-attaque","9":"tag-belgique","10":"tag-braquet","11":"tag-bretagne","12":"tag-chute","13":"tag-competition","14":"tag-coupe-de-france","15":"tag-coureur","16":"tag-course-cyclisme","17":"tag-course-cycliste","18":"tag-cycling","19":"tag-cyclisme","20":"tag-direct","21":"tag-direct-velo","22":"tag-directvelo","23":"tag-directvelo-com","24":"tag-epreuve","25":"tag-epreuve-cycliste","26":"tag-federation-francaise-de-cyclisme","27":"tag-ffc","28":"tag-flandres","29":"tag-fr","30":"tag-france","31":"tag-live","32":"tag-live-course","33":"tag-live-epreuve","34":"tag-peloton","35":"tag-radio-peloton","36":"tag-radio-tour","37":"tag-ravitaillement","38":"tag-relance","39":"tag-sports","40":"tag-uci","41":"tag-velo","42":"tag-velos"},"share_on_mastodon":{"url":"https:\/\/pubeurope.com\/@fr\/114493697756627364","error":""},"_links":{"self":[{"href":"https:\/\/www.europesays.com\/fr\/wp-json\/wp\/v2\/posts\/93670","targetHints":{"allow":["GET"]}}],"collection":[{"href":"https:\/\/www.europesays.com\/fr\/wp-json\/wp\/v2\/posts"}],"about":[{"href":"https:\/\/www.europesays.com\/fr\/wp-json\/wp\/v2\/types\/post"}],"author":[{"embeddable":true,"href":"https:\/\/www.europesays.com\/fr\/wp-json\/wp\/v2\/users\/2"}],"replies":[{"embeddable":true,"href":"https:\/\/www.europesays.com\/fr\/wp-json\/wp\/v2\/comments?post=93670"}],"version-history":[{"count":0,"href":"https:\/\/www.europesays.com\/fr\/wp-json\/wp\/v2\/posts\/93670\/revisions"}],"wp:featuredmedia":[{"embeddable":true,"href":"https:\/\/www.europesays.com\/fr\/wp-json\/wp\/v2\/media\/93671"}],"wp:attachment":[{"href":"https:\/\/www.europesays.com\/fr\/wp-json\/wp\/v2\/media?parent=93670"}],"wp:term":[{"taxonomy":"category","embeddable":true,"href":"https:\/\/www.europesays.com\/fr\/wp-json\/wp\/v2\/categories?post=93670"},{"taxonomy":"post_tag","embeddable":true,"href":"https:\/\/www.europesays.com\/fr\/wp-json\/wp\/v2\/tags?post=93670"}],"curies":[{"name":"wp","href":"https:\/\/api.w.org\/{rel}","templated":true}]}}