{"id":93674,"date":"2025-05-12T07:33:08","date_gmt":"2025-05-12T07:33:08","guid":{"rendered":"https:\/\/www.europesays.com\/fr\/93674\/"},"modified":"2025-05-12T07:33:08","modified_gmt":"2025-05-12T07:33:08","slug":"brigitte-bardot-prend-la-defense-de-nicolas-bedos-et-gerard-depardieu-liberation","status":"publish","type":"post","link":"https:\/\/www.europesays.com\/fr\/93674\/","title":{"rendered":"Brigitte Bardot prend la d\u00e9fense de Nicolas Bedos et G\u00e9rard Depardieu \u2013 Lib\u00e9ration"},"content":{"rendered":"<p class=\"sc-ksZaOG ehjQrN text-element\">\u00abLe f\u00e9minisme, c\u2019est pas mon truc. Moi j\u2019aime bien les mecs\u00bb, a d\u00e9clar\u00e9 lundi <a href=\"https:\/\/www.liberation.fr\/cinema\/2012\/01\/14\/brigitte-bardot-l-emprise-et-le-mepris_788246\/\" target=\"_blank\" rel=\"nofollow noopener\" title=\"https:\/\/www.liberation.fr\/cinema\/2012\/01\/14\/brigitte-bardot-l-emprise-et-le-mepris_788246\/\">Brigitte Bardot <\/a>dans une interview \u00e0 BFMTV, sa premi\u00e8re \u00e0 la t\u00e9l\u00e9vision en 11\u00a0ans, o\u00f9 elle prend la d\u00e9fense des acteurs <a href=\"https:\/\/www.liberation.fr\/societe\/droits-des-femmes\/apres-sa-condamnation-pour-agressions-sexuelles-nicolas-bedos-revele-avoir-lui-meme-subi-un-viol-20250430_TTXSID6ZOZAGTKURRCELYZJRXM\/\" target=\"_blank\" rel=\"nofollow noopener\" title=\"https:\/\/www.liberation.fr\/societe\/droits-des-femmes\/apres-sa-condamnation-pour-agressions-sexuelles-nicolas-bedos-revele-avoir-lui-meme-subi-un-viol-20250430_TTXSID6ZOZAGTKURRCELYZJRXM\/\">Nicolas Bedos <\/a>et <a href=\"https:\/\/www.liberation.fr\/culture\/cinema\/18-mois-de-prison-ferme-requis-a-lencontre-de-gerard-depardieu-poursuivi-pour-deux-agressions-sexuelles-20250327_K27L6TKGF5E6HPD6US7A7UGKXM\/\" target=\"_blank\" rel=\"nofollow noopener\" title=\"https:\/\/www.liberation.fr\/culture\/cinema\/18-mois-de-prison-ferme-requis-a-lencontre-de-gerard-depardieu-poursuivi-pour-deux-agressions-sexuelles-20250327_K27L6TKGF5E6HPD6US7A7UGKXM\/\">G\u00e9rard Depardieu<\/a>, mis en cause dans des affaires d\u2019agressions sexuelles.<\/p>\n<p class=\"sc-ksZaOG ehjQrN text-element\">L\u2019ancienne star du cin\u00e9ma fran\u00e7ais, retir\u00e9e des plateaux depuis plus de cinquante\u00a0ans, estime que \u00abceux qui ont du talent qui mettent la main aux fesses d\u2019une fille sont rejet\u00e9s dans le cul de-basse-fosse\u00bb. \u00abOn pourrait au moins les laisser continuer \u00e0 vivre. Ils ne peuvent plus vivre\u00bb, argumente-t-elle, interrog\u00e9e depuis sa maison \u00e0 Saint-Tropez. Alors qu\u2019on lui dit que la justice doit faire son travail, elle commente\u00a0: \u00abApr\u00e8s ce qui leur est arriv\u00e9, <a href=\"https:\/\/www.liberation.fr\/culture\/cinema\/un-mois-apres-son-proces-gerard-depardieu-tourne-au-portugal-avec-fanny-ardant-20250502_LCWZVNRQCRFGDNJTC7DZ6UC554\/\" target=\"_blank\" rel=\"nofollow noopener\" title=\"https:\/\/www.liberation.fr\/culture\/cinema\/un-mois-apres-son-proces-gerard-depardieu-tourne-au-portugal-avec-fanny-ardant-20250502_LCWZVNRQCRFGDNJTC7DZ6UC554\/\">ils vont plus trouver beaucoup de travail.\u00bb<\/a><\/p>\n<p class=\"sc-ksZaOG ehjQrN text-element\">Ce n\u2019est pas la premi\u00e8re fois que l\u2019ancienne star de 90\u00a0ans prend des positions antif\u00e9ministes. Dans le sillage de l\u2019affaire Weinstein et du mouvement #MeToo en\u00a02018, elle avait critiqu\u00e9 la vague de d\u00e9nonciations de harceleurs par des actrices, la jugeant \u00abhypocrite, ridicule, sans int\u00e9r\u00eat\u00bb.<\/p>\n<p class=\"sc-ksZaOG ehjQrN text-element\"><a href=\"https:\/\/www.liberation.fr\/societe\/police-justice\/condamne-pour-agressions-sexuelles-nicolas-bedos-se-desiste-de-son-appel-20250122_GSYVWTCHQJDLBB4MS7C6HFXAXI\/\" target=\"_blank\" rel=\"nofollow noopener\" title=\"https:\/\/www.liberation.fr\/societe\/police-justice\/condamne-pour-agressions-sexuelles-nicolas-bedos-se-desiste-de-son-appel-20250122_GSYVWTCHQJDLBB4MS7C6HFXAXI\/\">L\u2019acteur et r\u00e9alisateur fran\u00e7ais Nicolas Bedos<\/a> a \u00e9t\u00e9 condamn\u00e9 en octobre \u00e0 un an de prison dont six mois avec sursis pour des agressions sexuelles sur deux femmes en\u00a02023. G\u00e9rard Depardieu est accus\u00e9 <a href=\"https:\/\/www.liberation.fr\/culture\/cinema\/proces-de-gerard-depardieu-je-ne-suis-pas-que-cet-homme-qui-touche-20250326_6LPCKYHQ3BCVNDM3F4ZIOTKCOM\/\" target=\"_blank\" rel=\"nofollow noopener\" title=\"https:\/\/www.liberation.fr\/culture\/cinema\/proces-de-gerard-depardieu-je-ne-suis-pas-que-cet-homme-qui-touche-20250326_6LPCKYHQ3BCVNDM3F4ZIOTKCOM\/\">d\u2019agressions sexuelles sur deux femmes<\/a> lors d\u2019un tournage. Le jugement doit \u00eatre rendu mardi. Fin mars, le parquet avait requis 18 mois de prison avec sursis contre l\u2019acteur, estimant que les agressions d\u00e9nonc\u00e9es par les deux femmes \u00e9taient bien \u00abintentionnelles\u00bb.<\/p>\n<p class=\"sc-ksZaOG ehjQrN text-element\">Ces derni\u00e8res ann\u00e9es, le monstre sacr\u00e9 du cin\u00e9ma fran\u00e7ais a \u00e9t\u00e9 accus\u00e9 d\u2019agressions sexuelles par une vingtaine de femmes mais plusieurs proc\u00e9dures ont \u00e9t\u00e9 class\u00e9es pour cause de prescription des faits. La com\u00e9dienne fran\u00e7aise Charlotte Arnould a port\u00e9 plainte pour viol en\u00a02018. Le parquet de Paris a requis un proc\u00e8s \u00e0 l\u2019encontre de l\u2019acteur.<\/p>\n<p class=\"sc-ksZaOG ehjQrN text-element\">Dans le m\u00eame entretien diffus\u00e9 ce lundi \u00e0 21 heures, l\u2019ex-ic\u00f4ne du cin\u00e9ma fran\u00e7ais, lance un appel au pr\u00e9sident Emmanuel Macron pour l\u2019abolition de la chasse \u00e0 courre et raconte qu\u2019elle lui a fait parvenir un sonotone\u2026 pour se faire entendre. \u00abJe pars en guerre. Je veux l\u2019abolition de la chasse \u00e0 courre. C\u2019est une horreur [\u2026]. Il faut absolument que le gouvernement fran\u00e7ais accepte de m\u2019offrir, apr\u00e8s 50\u00a0ans de demande sans r\u00e9ponse, au moins cette victoire\u00bb.<\/p>\n<p class=\"sc-ksZaOG ehjQrN text-element\">Inlassable d\u00e9fenseure de la cause animale, l\u2018ancien mythe du cin\u00e9ma fran\u00e7ais raconte qu\u2019elle a eu l\u2019id\u00e9e d\u2019envoyer des proth\u00e8ses auditives aux responsables politiques. \u00abLa Fondation Brigitte Bardot vous offre le moyen d\u2019entendre ses demandes\u00bb, est-il \u00e9crit sur la bo\u00eete. \u00abIl faut mettre les rieurs de mon c\u00f4t\u00e9\u00bb, a d\u00e9fendu Brigitte Bardot depuis sa maison de Saint-Tropez (sud). Celle qui vient de f\u00eater ses 90\u00a0ans \u00e0 l\u2019automne affirme qu\u2019il s\u2019agit de son \u00abdernier combat\u00bb.<\/p>\n<p class=\"sc-ksZaOG ehjQrN text-element\"><b>Mise \u00e0 jour <\/b>\u00e0 8\u00a0h\u00a055, avec l\u2019appel \u00e0 Emmanuel Macron pour l\u2019abolition de la chasse \u00e0 courre<\/p>\n","protected":false},"excerpt":{"rendered":"\u00abLe f\u00e9minisme, c\u2019est pas mon truc. Moi j\u2019aime bien les mecs\u00bb, a d\u00e9clar\u00e9 lundi Brigitte Bardot dans une&hellip;\n","protected":false},"author":2,"featured_media":93675,"comment_status":"","ping_status":"","sticky":false,"template":"","format":"standard","meta":{"footnotes":""},"categories":[1359],"tags":[58,59,1011,27,302,6758,973,799],"class_list":{"0":"post-93674","1":"post","2":"type-post","3":"status-publish","4":"format-standard","5":"has-post-thumbnail","7":"category-people","8":"tag-divertissement","9":"tag-entertainment","10":"tag-fr","11":"tag-france","12":"tag-gerard-depardieu","13":"tag-me-too","14":"tag-people","15":"tag-violences-sexuelles"},"share_on_mastodon":{"url":"https:\/\/pubeurope.com\/@fr\/114493705682014654","error":""},"_links":{"self":[{"href":"https:\/\/www.europesays.com\/fr\/wp-json\/wp\/v2\/posts\/93674","targetHints":{"allow":["GET"]}}],"collection":[{"href":"https:\/\/www.europesays.com\/fr\/wp-json\/wp\/v2\/posts"}],"about":[{"href":"https:\/\/www.europesays.com\/fr\/wp-json\/wp\/v2\/types\/post"}],"author":[{"embeddable":true,"href":"https:\/\/www.europesays.com\/fr\/wp-json\/wp\/v2\/users\/2"}],"replies":[{"embeddable":true,"href":"https:\/\/www.europesays.com\/fr\/wp-json\/wp\/v2\/comments?post=93674"}],"version-history":[{"count":0,"href":"https:\/\/www.europesays.com\/fr\/wp-json\/wp\/v2\/posts\/93674\/revisions"}],"wp:featuredmedia":[{"embeddable":true,"href":"https:\/\/www.europesays.com\/fr\/wp-json\/wp\/v2\/media\/93675"}],"wp:attachment":[{"href":"https:\/\/www.europesays.com\/fr\/wp-json\/wp\/v2\/media?parent=93674"}],"wp:term":[{"taxonomy":"category","embeddable":true,"href":"https:\/\/www.europesays.com\/fr\/wp-json\/wp\/v2\/categories?post=93674"},{"taxonomy":"post_tag","embeddable":true,"href":"https:\/\/www.europesays.com\/fr\/wp-json\/wp\/v2\/tags?post=93674"}],"curies":[{"name":"wp","href":"https:\/\/api.w.org\/{rel}","templated":true}]}}