{"id":936759,"date":"2026-05-16T13:47:19","date_gmt":"2026-05-16T13:47:19","guid":{"rendered":"https:\/\/www.europesays.com\/fr\/936759\/"},"modified":"2026-05-16T13:47:19","modified_gmt":"2026-05-16T13:47:19","slug":"ncis-une-mort-dechirante-le-retour-dun-personnage-historique-le-500eme-episode-ce-qui-vous-attend-dans-la-saison-23-qui-debute-ce-samedi-16-mai-sur-m6","status":"publish","type":"post","link":"https:\/\/www.europesays.com\/fr\/936759\/","title":{"rendered":"NCIS : Une mort d\u00e9chirante, le retour d&rsquo;un personnage historique, le 500\u00e8me \u00e9pisode&#8230; Ce qui vous attend dans la saison 23 qui d\u00e9bute ce samedi 16 mai sur M6 !"},"content":{"rendered":"<p>Souvenez-vous : \u00e0 la fin de la saison pr\u00e9c\u00e9dente, le p\u00e8re de l&rsquo;agent Alden Parker (Gary Cole) \u00e9tait tu\u00e9 par Carla Marino (Rebecca De Mornay), la mafieuse \u00e0 la t\u00eate du cartel Nexus. Un meurtre motiv\u00e9 par une vendetta m\u00fbrie de longue date\u2026 De vengeance, il est aussi question dans le double \u00e9pisode d&rsquo;ouverture de cette saison 23 diffus\u00e9e \u00e0 partir de ce samedi 16 mai \u00e0 partir de 21h10 sur M6.<\/p>\n<p>Rythm\u00e9, intense, ponctu\u00e9 de rebondissements, ce double \u00e9pisode voit Alden traquer la meurtri\u00e8re, quitte \u00e0 mettre en p\u00e9ril sa vie, sa carri\u00e8re et les membres de son \u00e9quipe. Surtout, il donne le \u00ab\u00a0la\u00a0\u00bb \u00e0 cette nouvelle fourn\u00e9e de 20 \u00e9pisodes, lesquels vont s\u00e9rieusement \u00e9prouver les fans et prouvent que, malgr\u00e9 les ans, NCIS a encore toutes ses dents.<\/p>\n<p>NCIS : Une mort d\u00e9chirante, le retour d&rsquo;un personnage historique, le 500\u00e8me \u00e9pisode&#8230; Ce qui vous attend dans la saison 23 qui d\u00e9bute ce samedi 16 mai sur M6 !<\/p>\n<p>Celle qui est \u00e0 l&rsquo;origine un spin-off de JAG est aujourd&rsquo;hui l&rsquo;une des s\u00e9ries les plus vieilles en activit\u00e9. Cette 23e salve comprend d&rsquo;ailleurs rien de moins que son 500e \u00e9pisode. Une \u00e9tape historique que NCIS c\u00e9l\u00e8bre\u2026 <a href=\"https:\/\/www.programme-tv.net\/news\/series-tv\/399727-apres-20-ans-ncis-tue-ce-personnage-historique-dans-le-500e-episode\/\" data-api-deeplink=\"teleloisirs:\/\/news\/399727\" rel=\"nofollow noopener\" target=\"_blank\">en tuant un de ses illustres personnages<\/a> ! On vous le dit : cette saison n&rsquo;est pas de tout repos.<\/p>\n<p>Heureusement, tous les rebondissements n&rsquo;ont pas cette dimension tragique. Ainsi les inconditionnels de la s\u00e9rie seront ravis de revoir Ellie Bishop (<a href=\"https:\/\/www.programme-tv.net\/biographie\/217859-wickersham-emily\/\" data-link-people=\"e4109825-cb76-4971-aea9-47b51440acb5\" rel=\"nofollow noopener\" target=\"_blank\">Emily Wickersham<\/a>). <a href=\"https:\/\/www.programme-tv.net\/news\/series-tv\/276819-ncis-saison-18-je-raccroche-cette-casquette-et-cette-veste-emily-wickersham-ellie-bishop-annonce-son-depart-de-la-serie-policiere\/\" data-api-deeplink=\"teleloisirs:\/\/news\/276819\" rel=\"nofollow noopener\" target=\"_blank\">Partie \u00e0 la fin de la saison 18<\/a>, l&rsquo;ex-agente retrouve en effet ses petits camarades du Naval Criminal Investigative Service pour deux \u00e9pisodes \u00e0 l&rsquo;intrigue surprenante.<\/p>\n<p>NCIS : Une saison 23 pleine de suspense<\/p>\n<p>Pour le reste, la s\u00e9rie d\u00e9ploie son habituel, et toujours ind\u00e9niablement efficace, programme d&rsquo;enqu\u00eates \u00e0 haute tension autour, cette fois-ci, du kidnapping de la femme d&rsquo;un militaire, de la mort d&rsquo;un membre des Navy Seals, du meurtre d&rsquo;un homme \u00e0 proximit\u00e9 de la demeure du Vice-Pr\u00e9sident, d&rsquo;une intrigue \u00ab\u00a0\u00e0 la\u00a0\u00bb Da Vinci Code ou encore d&rsquo;une attaque terroriste sur le sol am\u00e9ricain.<\/p>\n<p>Et ce n&rsquo;est pas tout : NCIS a aussi droit cette fois \u00e0 un cross-over exceptionnel avec <a href=\"https:\/\/www.programme-tv.net\/news\/series-tv\/350980-ncis-origins-date-de-sortie-casting-intrigues-ce-qu-il-faut-savoir-sur-la-serie-a-propos-des-debuts-de-gibbs\/\" data-api-deeplink=\"teleloisirs:\/\/news\/350980\" rel=\"nofollow noopener\" target=\"_blank\">son pr\u00e9quel, baptis\u00e9 Origins, racontant la jeunesse de Gibbs (Mark Harmon)<\/a>, le h\u00e9ros embl\u00e9matique de la franchise. Du haut de ses 23 saisons, NCIS est donc toujours vaillante. Une excellente nouvelle pour ses fans ! Et une raison suppl\u00e9mentaire de la suivre suivre \u00e0 partir de ce samedi 16 mai 2026 sur M6.<\/p>\n<p>            Trois questions sur NCISMark Harmon appara\u00eet-il dans cette saison 23 de NCIS ?<\/p>\n<p>Malheureusement non. Mark Harmon, l&rsquo;interpr\u00e8te historique de Gibbs, ne joue pas dans cette 23\u00e8me saison de NCIS diffus\u00e9e \u00e0 partir de ce samedi 16 mai 2026 sur M6.<\/p>\n<p>Y aura-t-il une saison 24 de NCIS ?<\/p>\n<p>Oui. En janvier 2026, le diffuseur am\u00e9ricain de la s\u00e9rie, la cha\u00eene CBS, a officialis\u00e9 la commande d&rsquo;une 24\u00e8me saison de NCIS. Elle devrait d\u00e9marrer \u00e0 l&rsquo;automne de la m\u00eame ann\u00e9e aux \u00c9tats-Unis.<\/p>\n<p>                        Le NCIS existe-t-il vraiment ?<\/p>\n<p>La r\u00e9ponse est oui ! Le Naval Criminal Investigative Service est une v\u00e9ritable agence f\u00e9d\u00e9rale. Elle d\u00e9pend du D\u00e9partement de la Marine des \u00c9tats-Unis et enqu\u00eate sur les crimes li\u00e9s et\/ou touchant la marine militaire am\u00e9ricaine.<\/p>\n","protected":false},"excerpt":{"rendered":"Souvenez-vous : \u00e0 la fin de la saison pr\u00e9c\u00e9dente, le p\u00e8re de l&rsquo;agent Alden Parker (Gary Cole) \u00e9tait&hellip;\n","protected":false},"author":2,"featured_media":936760,"comment_status":"","ping_status":"","sticky":false,"template":"","format":"standard","meta":{"footnotes":"","_share_on_mastodon":"0"},"categories":[1356],"tags":[244,58,59,1011,27,494,13903,93249,252,1364],"class_list":["post-936759","post","type-post","status-publish","format-standard","has-post-thumbnail","category-television","tag-commentaire","tag-divertissement","tag-entertainment","tag-fr","tag-france","tag-m6","tag-ncis-enquu00eates-spu00e9ciales","tag-sean-murray","tag-television","tag-tv"],"share_on_mastodon":{"url":"https:\/\/pubeurope.com\/@fr\/116584569003115726","error":""},"_links":{"self":[{"href":"https:\/\/www.europesays.com\/fr\/wp-json\/wp\/v2\/posts\/936759","targetHints":{"allow":["GET"]}}],"collection":[{"href":"https:\/\/www.europesays.com\/fr\/wp-json\/wp\/v2\/posts"}],"about":[{"href":"https:\/\/www.europesays.com\/fr\/wp-json\/wp\/v2\/types\/post"}],"author":[{"embeddable":true,"href":"https:\/\/www.europesays.com\/fr\/wp-json\/wp\/v2\/users\/2"}],"replies":[{"embeddable":true,"href":"https:\/\/www.europesays.com\/fr\/wp-json\/wp\/v2\/comments?post=936759"}],"version-history":[{"count":0,"href":"https:\/\/www.europesays.com\/fr\/wp-json\/wp\/v2\/posts\/936759\/revisions"}],"wp:featuredmedia":[{"embeddable":true,"href":"https:\/\/www.europesays.com\/fr\/wp-json\/wp\/v2\/media\/936760"}],"wp:attachment":[{"href":"https:\/\/www.europesays.com\/fr\/wp-json\/wp\/v2\/media?parent=936759"}],"wp:term":[{"taxonomy":"category","embeddable":true,"href":"https:\/\/www.europesays.com\/fr\/wp-json\/wp\/v2\/categories?post=936759"},{"taxonomy":"post_tag","embeddable":true,"href":"https:\/\/www.europesays.com\/fr\/wp-json\/wp\/v2\/tags?post=936759"}],"curies":[{"name":"wp","href":"https:\/\/api.w.org\/{rel}","templated":true}]}}