{"id":93686,"date":"2025-05-12T07:39:09","date_gmt":"2025-05-12T07:39:09","guid":{"rendered":"https:\/\/www.europesays.com\/fr\/93686\/"},"modified":"2025-05-12T07:39:09","modified_gmt":"2025-05-12T07:39:09","slug":"un-lien-tres-inquietant-entre-un-virus-bien-connu-et-la-maladie-dalzheimer-decouvert","status":"publish","type":"post","link":"https:\/\/www.europesays.com\/fr\/93686\/","title":{"rendered":"Un lien tr\u00e8s inqui\u00e9tant entre un virus bien connu et la maladie d\u2019Alzheimer d\u00e9couvert"},"content":{"rendered":"<p><img fetchpriority=\"high\" decoding=\"async\" width=\"1024\" height=\"576\" src=\"https:\/\/www.europesays.com\/fr\/wp-content\/uploads\/2025\/05\/une-alzheimer-herpes-1024x576.jpg\" alt=\"Alzheimer Herpes\" class=\"wp-image-973261\"  \/><\/p>\n<p><strong>Le virus de l\u2019herp\u00e8s labial, souvent contract\u00e9 dans l\u2019enfance, reste g\u00e9n\u00e9ralement pr\u00e9sent dans l\u2019organisme tout au long de la vie. Ce virus, connu sous le nom d\u2019herp\u00e8s simplex de type 1 (HSV-1), reste inactif dans les nerfs, mais peut se r\u00e9activer sous l\u2019effet de facteurs comme le stress, une maladie ou une blessure, provoquant des boutons de fi\u00e8vre chez certaines personnes. Cependant, ce m\u00eame virus pourrait \u00eatre impliqu\u00e9 dans la maladie d\u2019Alzheimer.\u00a0<\/strong><\/p>\n<p>Une d\u00e9couverte inattendue dans le cerveau<\/p>\n<p>Il y a plus de 30 ans, une \u00e9quipe de chercheurs, dont Ruth Itzhaki, professeure \u00e9m\u00e9rite de neurobiologie mol\u00e9culaire \u00e0 l\u2019universit\u00e9 de Manchester et professeure invit\u00e9e \u00e0 l\u2019universit\u00e9 d\u2019Oxford, <a href=\"https:\/\/www.thelancet.com\/journals\/lancet\/article\/PIIS0140-6736(96)10149-5\/abstract\" target=\"_blank\" rel=\"noreferrer noopener\">a mis en \u00e9vidence<\/a> la pr\u00e9sence du virus de l\u2019herp\u00e8s dans le cerveau de personnes \u00e2g\u00e9es. Cette d\u00e9couverte a \u00e9t\u00e9 un v\u00e9ritable tournant. Jusqu\u2019alors, le cerveau \u00e9tait consid\u00e9r\u00e9 comme une zone prot\u00e9g\u00e9e des infections, notamment gr\u00e2ce \u00e0 la barri\u00e8re h\u00e9mato-enc\u00e9phalique, une sorte de filtre biologique cens\u00e9 emp\u00eacher les <a href=\"https:\/\/dailygeekshow.com\/agents-pathogenes-bacteries\/\" target=\"_blank\" rel=\"noreferrer noopener\">agents pathog\u00e8nes<\/a> d\u2019y p\u00e9n\u00e9trer.<\/p>\n<p>Lire aussi <a href=\"https:\/\/dailygeekshow.com\/art-reduction-stress\/\" target=\"_blank\" rel=\"noopener\">Que vous soyez dou\u00e9 ou non, pratiquer cette activit\u00e9 quotidiennement r\u00e9duit efficacement le stress<\/a><\/p>\n<p>La pr\u00e9sence du HSV-1 dans le cerveau remettait donc en cause cette vision. Mieux encore, les chercheurs ont remarqu\u00e9 que les personnes porteuses d\u2019une version particuli\u00e8re du g\u00e8ne APOE (l\u2019all\u00e8le APOE-e4), d\u00e9j\u00e0 connue pour augmenter le risque de d\u00e9velopper <a href=\"https:\/\/dailygeekshow.com\/alzheimer-cause\/\" target=\"_blank\" rel=\"noreferrer noopener\">Alzheimer<\/a>, \u00e9taient particuli\u00e8rement vuln\u00e9rables lorsque ce virus \u00e9tait \u00e9galement pr\u00e9sent. Ce virus semblait alors jouer un r\u00f4le dans le d\u00e9veloppement de la maladie.<\/p>\n<p>Le lien entre le virus et les l\u00e9sions c\u00e9r\u00e9brales<\/p>\n<p>En \u00e9tudiant des cellules c\u00e9r\u00e9brales infect\u00e9es par le HSV-1, les chercheurs <a href=\"https:\/\/www.sciencedirect.com\/science\/article\/abs\/pii\/S0304394007010786\" target=\"_blank\" rel=\"noreferrer noopener\">ont observ\u00e9<\/a> la production de prot\u00e9ines anormales, comme l\u2019amylo\u00efde et la tau, caract\u00e9ristiques de la maladie d\u2019Alzheimer. Ils ont \u00e9mis l\u2019hypoth\u00e8se que le virus pouvait rester inactif dans l\u2019organisme pendant des d\u00e9cennies avant de se r\u00e9activer lorsque le syst\u00e8me immunitaire s\u2019affaiblit, notamment avec l\u2019\u00e2ge.\u00a0<\/p>\n<p>Cette r\u00e9activation dans le cerveau entra\u00eenerait des inflammations et des dommages aux cellules c\u00e9r\u00e9brales. Avec le temps, ces dommages r\u00e9p\u00e9t\u00e9s pourraient conduire \u00e0 la maladie d\u2019Alzheimer. Des analyses <a href=\"https:\/\/pubmed.ncbi.nlm.nih.gov\/18973185\/\" target=\"_blank\" rel=\"noreferrer noopener\">ont m\u00eame r\u00e9v\u00e9l\u00e9<\/a> la pr\u00e9sence de l\u2019ADN du virus dans les amas de prot\u00e9ines anormales trouv\u00e9es dans le cerveau des patients atteints d\u2019Alzheimer.\u00a0<\/p>\n<p>Lire aussi <a href=\"https:\/\/dailygeekshow.com\/cancer-colorectal-jeunes-2\/\" target=\"_blank\" rel=\"noopener\">Un cancer progresse rapidement chez les jeunes, une piste enfin identifi\u00e9e<\/a><\/p>\n<p>Des essais en laboratoire ont apport\u00e9 une r\u00e9ponse encourageante. En pr\u00e9sence de m\u00e9dicaments antiviraux, les cellules c\u00e9r\u00e9brales infect\u00e9es montraient moins de dommages. De plus, plusieurs \u00e9tudes \u00e0 grande \u00e9chelle ont \u00e9tabli un lien entre les infections graves, comme celles caus\u00e9es par le HSV-1, et un risque accru de d\u00e9mence. Ces m\u00eames recherches ont montr\u00e9 que les patients trait\u00e9s par antiviraux avaient un risque r\u00e9duit de d\u00e9velopper la maladie d\u2019Alzheimer.<\/p>\n<p><img loading=\"lazy\" decoding=\"async\" width=\"641\" height=\"445\" src=\"https:\/\/www.europesays.com\/fr\/wp-content\/uploads\/2025\/05\/herpes.jpg\" alt=\"Herpes\" class=\"wp-image-973260\"  \/><\/p>\n<p>D\u2019autres virus en cause ?<\/p>\n<p>Les recherches ne se sont pas limit\u00e9es au HSV-1. Les scientifiques se sont \u00e9galement pench\u00e9s sur d\u2019autres virus dormants, comme celui responsable de la varicelle et du <a href=\"https:\/\/dailygeekshow.com\/vaccin-zona-alzheimer\/\" target=\"_blank\" rel=\"noreferrer noopener\">zona<\/a>. En analysant les dossiers m\u00e9dicaux de centaines de milliers de personnes au Royaume-Uni, les scientifiques <a href=\"https:\/\/pubmed.ncbi.nlm.nih.gov\/34625411\/\" target=\"_blank\" rel=\"noreferrer noopener\">ont observ\u00e9<\/a> que les personnes vaccin\u00e9es contre le zona pr\u00e9sentaient un risque significativement r\u00e9duit de d\u00e9mence.\u00a0<\/p>\n<p><a href=\"https:\/\/jamanetwork.com\/journals\/jama\/fullarticle\/2833335\" target=\"_blank\" rel=\"noreferrer noopener\">Une recherche similaire<\/a> de l\u2019universit\u00e9 Stanford a confirm\u00e9 ces r\u00e9sultats, renfor\u00e7ant ainsi l\u2019id\u00e9e que pr\u00e9venir certaines infections pourrait r\u00e9duire le risque d\u2019Alzheimer. Certaines infections virales, m\u00eame courantes, peuvent jouer un r\u00f4le dans les maladies neurod\u00e9g\u00e9n\u00e9ratives. \u00c0 l\u2019inverse, la pr\u00e9vention de ces infections, notamment par la vaccination, pourrait constituer une strat\u00e9gie efficace pour r\u00e9duire le risque d\u2019Alzheimer.<\/p>\n<p>Lire aussi <a href=\"https:\/\/dailygeekshow.com\/antivenin-universel-serpent\/\" target=\"_blank\" rel=\"noopener\">Serpents : un antivenin universel gr\u00e2ce aux anticorps d\u2019un homme mordu des centaines de fois<\/a><\/p>\n<p>En laboratoire, un mod\u00e8le 3D du cerveau infect\u00e9 par un HSV-1 dormant a permis de simuler l\u2019impact d\u2019autres infections ou de traumatismes cr\u00e2niens. Ces \u00e9v\u00e9nements semblaient r\u00e9activer le virus, entra\u00eenant des dommages comparables \u00e0 ceux observ\u00e9s dans la maladie d\u2019Alzheimer. En revanche, un traitement anti-inflammatoire a emp\u00each\u00e9 la r\u00e9activation du virus et les l\u00e9sions c\u00e9r\u00e9brales qui en d\u00e9coulaient.<\/p>\n<p>Ces d\u00e9couvertes sugg\u00e8rent que le HSV-1 pourrait jouer un r\u00f4le dans la maladie d\u2019Alzheimer, en particulier chez les personnes ayant des pr\u00e9dispositions g\u00e9n\u00e9tiques comme le g\u00e8ne APOE-e4. Cela ouvre la voie \u00e0 de nouvelles approches pour pr\u00e9venir la maladie, notamment par des vaccins ou des traitements antiviraux capables de maintenir le virus inactif. Ce qui semblait n\u2019\u00eatre au d\u00e9part qu\u2019une connexion entre l\u2019herp\u00e8s labial et des pertes de m\u00e9moire a finalement r\u00e9v\u00e9l\u00e9 une piste prometteuse pour mieux comprendre et potentiellement r\u00e9duire les risques de cette maladie d\u00e9vastatrice.<\/p>\n<p>Par ailleurs, <a href=\"https:\/\/dailygeekshow.com\/alzheimer-cause\/\" target=\"_blank\" rel=\"noreferrer noopener\">la maladie d\u2019Alzheimer s\u2019explique par cette cause unique, selon une \u00e9tude<\/a>.<\/p>\n<p>Lire aussi <a href=\"https:\/\/dailygeekshow.com\/frequence-rapports-sexuels\/\" target=\"_blank\" rel=\"noopener\">Voici la fr\u00e9quence des rapports sexuels dont vous avez besoin pour r\u00e9duire le risque de d\u00e9pression<\/a><\/p>\n","protected":false},"excerpt":{"rendered":"Le virus de l\u2019herp\u00e8s labial, souvent contract\u00e9 dans l\u2019enfance, reste g\u00e9n\u00e9ralement pr\u00e9sent dans l\u2019organisme tout au long de&hellip;\n","protected":false},"author":2,"featured_media":93687,"comment_status":"","ping_status":"","sticky":false,"template":"","format":"standard","meta":{"footnotes":""},"categories":[10],"tags":[772,1011,27,72,20613,71],"class_list":{"0":"post-93686","1":"post","2":"type-post","3":"status-publish","4":"format-standard","5":"has-post-thumbnail","7":"category-sante","8":"tag-alzheimer","9":"tag-fr","10":"tag-france","11":"tag-health","12":"tag-herpes","13":"tag-sante"},"share_on_mastodon":{"url":"https:\/\/pubeurope.com\/@fr\/114493729299196692","error":""},"_links":{"self":[{"href":"https:\/\/www.europesays.com\/fr\/wp-json\/wp\/v2\/posts\/93686","targetHints":{"allow":["GET"]}}],"collection":[{"href":"https:\/\/www.europesays.com\/fr\/wp-json\/wp\/v2\/posts"}],"about":[{"href":"https:\/\/www.europesays.com\/fr\/wp-json\/wp\/v2\/types\/post"}],"author":[{"embeddable":true,"href":"https:\/\/www.europesays.com\/fr\/wp-json\/wp\/v2\/users\/2"}],"replies":[{"embeddable":true,"href":"https:\/\/www.europesays.com\/fr\/wp-json\/wp\/v2\/comments?post=93686"}],"version-history":[{"count":0,"href":"https:\/\/www.europesays.com\/fr\/wp-json\/wp\/v2\/posts\/93686\/revisions"}],"wp:featuredmedia":[{"embeddable":true,"href":"https:\/\/www.europesays.com\/fr\/wp-json\/wp\/v2\/media\/93687"}],"wp:attachment":[{"href":"https:\/\/www.europesays.com\/fr\/wp-json\/wp\/v2\/media?parent=93686"}],"wp:term":[{"taxonomy":"category","embeddable":true,"href":"https:\/\/www.europesays.com\/fr\/wp-json\/wp\/v2\/categories?post=93686"},{"taxonomy":"post_tag","embeddable":true,"href":"https:\/\/www.europesays.com\/fr\/wp-json\/wp\/v2\/tags?post=93686"}],"curies":[{"name":"wp","href":"https:\/\/api.w.org\/{rel}","templated":true}]}}