{"id":93696,"date":"2025-05-12T07:44:08","date_gmt":"2025-05-12T07:44:08","guid":{"rendered":"https:\/\/www.europesays.com\/fr\/93696\/"},"modified":"2025-05-12T07:44:08","modified_gmt":"2025-05-12T07:44:08","slug":"les-premiers-refugies-blancs-dafrique-du-sud-arrivent-dans-lamerique-de-donald-trump","status":"publish","type":"post","link":"https:\/\/www.europesays.com\/fr\/93696\/","title":{"rendered":"Les premiers r\u00e9fugi\u00e9s blancs d\u2019Afrique du Sud arrivent dans l\u2019Am\u00e9rique de Donald Trump"},"content":{"rendered":"<p>Fuyant une \u00e9conomie en berne et des pers\u00e9cutions qu\u2019ils d\u00e9noncent depuis longtemps, ces Sud-Africains ont b\u00e9n\u00e9fici\u00e9 d\u2019un traitement hors-norme gr\u00e2ce \u00e0 un d\u00e9cret sign\u00e9 en f\u00e9vrier dernier par le pr\u00e9sident Trump qui s\u2019int\u00e9resse \u00e0 eux depuis 2018.<\/p>\n<p class=\"fig-paragraph\">Dimanche soir, \u00e0 l\u2019a\u00e9roport de Johannesburg, une cinquantaine d\u2019Afrikaners sud-africains ont quitt\u00e9 leur pays. Direction Washington, o\u00f9 ces<a href=\"http:\/\/www.lefigaro.fr\/cinema\/faut-il-parler-l-afrikaans-charlize-theron-juge-la-langue-des-colons-d-afrique-du-sud-pas-utile-20221117\" data-fig-type=\"NewsFlash\" data-gtm-custom-categorie=\"navigation\" data-gtm-custom-action=\"crossclick\" data-gtm-custom-label=\"Contextuel\" data-gtm-event=\"customEventSPE\" data-fig-domain=\"LEFIGARO\" target=\"_blank\" rel=\"noopener\">\u00a0descendants des colons n\u00e9erlandais, fran\u00e7ais ou anglais<\/a>\u00a0atterriront aujourd\u2019hui en tant que premiers r\u00e9fugi\u00e9s officiels dans le cadre du d\u00e9cret 14204 sign\u00e9 par le pr\u00e9sident Donald Trump le 7 f\u00e9vrier 2025. Le texte, qui fait partie des 141 \u00ab executive orders\u00a0\u00bb\u00a0<a href=\"http:\/\/www.lefigaro.fr\/international\/donald-trump-a-signe-un-decret-pour-eliminer-le-ministere-de-l-education-20250320\" data-fig-type=\"NewsFlash\" data-gtm-custom-categorie=\"navigation\" data-gtm-custom-action=\"crossclick\" data-gtm-custom-label=\"Contextuel\" data-gtm-event=\"customEventSPE\" data-fig-domain=\"LEFIGARO\" target=\"_blank\" rel=\"noopener\">valid\u00e9s par le locataire de la Maison-Blanche<\/a>\u00a0depuis son retour au pouvoir, \u00e9tait quelque peu pass\u00e9 inaper\u00e7u.<\/p>\n<p class=\"fig-body-link\">\n            \u00c0 lire aussi<br \/>\n        <a class=\"fig-body-link__link fig-premium-mark\" href=\"http:\/\/www.lefigaro.fr\/international\/boer-et-blanche-une-semaine-a-orania-qui-refuse-le-multiculturalisme-sud-africain-20230708\" data-fig-type=\"Article\" data-gtm-custom-categorie=\"navigation\" data-gtm-custom-action=\"crossclick\" data-gtm-custom-label=\"Contextuel\" data-gtm-event=\"customEventSPE\" data-fig-domain=\"LEFIGARO\" target=\"_blank\" rel=\"noopener\">Boer, blanche et prosp\u00e8re\u00a0: une semaine \u00e0 Orania, qui refuse le multiculturalisme sud-africain<br \/>\n    <\/a>\n<\/p>\n<p class=\"fig-paragraph\">Au milieu des textes pr\u00e9parant la<a href=\"http:\/\/www.lefigaro.fr\/flash-eco\/droits-de-douane-les-negociations-entre-la-chine-et-les-etats-unis-suspendues-jusqu-a-dimanche-20250510\" data-fig-type=\"NewsFlash\" data-gtm-custom-categorie=\"navigation\" data-gtm-custom-action=\"crossclick\" data-gtm-custom-label=\"Contextuel\" data-gtm-event=\"customEventSPE\" data-fig-domain=\"LEFIGARO\" target=\"_blank\" rel=\"noopener\">\u00a0guerre commerciale avec les alli\u00e9s et voisins des \u00c9tats-Unis<\/a>, de ceux visant \u00e0 crever l\u2019abc\u00e8s des programmes de\u00a0<a href=\"http:\/\/www.lefigaro.fr\/flash-eco\/l-allemand-sap-supprime-ses-programmes-de-diversite-pour-se-plier-a-l-administration-trump-20250511\" data-fig-type=\"NewsFlash\" data-gtm-custom-categorie=\"navigation\" data-gtm-custom-action=\"crossclick\" data-gtm-custom-label=\"Contextuel\" data-gtm-event=\"customEventSPE\" data-fig-domain=\"LEFIGARO\" target=\"_blank\" rel=\"noopener\">diversit\u00e9 et d\u2019inclusion dans les entreprises et les universit\u00e9s<\/a>, ou encore de celui pr\u00e9voyant\u00a0<a href=\"http:\/\/www.lefigaro.fr\/international\/etats-unis-a-peine-graciee-une-assaillante-du-capitole-retourne-en-prison-pour-un-accident-de-la-route-mortel-20250201\" data-fig-type=\"Article\" data-gtm-custom-categorie=\"navigation\" data-gtm-custom-action=\"crossclick\" data-gtm-custom-label=\"Contextuel\" data-gtm-event=\"customEventSPE\" data-fig-domain=\"LEFIGARO\" target=\"_blank\" rel=\"noopener\">d\u2019absoudre les participants \u00e0 l\u2019invasion du Capitole du 6 janvier 2021<\/a>, ce petit arr\u00eat pr\u00e9voit de s\u2019occuper \u00ab des actions scandaleuses de la R\u00e9publique d\u2019Afrique du Sud\u00a0\u00bb. Le gouvernement sud-africain a fait savoir son inqui\u00e9tude quant \u00e0 cette\u2026<\/p>\n<p class=\"fig-premium-paywall__infos\">\n        Cet article est r\u00e9serv\u00e9 aux abonn\u00e9s.        Il vous reste 85% \u00e0 d\u00e9couvrir.\n    <\/p>\n<p>                <img  data- alt=\"Le Figaro\" class=\"fig-img--complete fig-img\"\/><\/p>\n<p class=\"fig-premium-paywall__title\">Je m&rsquo;informe, je m&rsquo;inspire, je m&rsquo;abonne.<\/p>\n<p class=\"fig-premium-paywall__subtitle\">D\u00e9couvrez notre offre de bienvenue.<\/p>\n<p class=\"fig-premium-paywall__connect\">\n                D\u00e9j\u00e0 abonn\u00e9\u00a0?                <a class=\"fig-premium-paywall__connect-link\" href=\"https:\/\/connect.lefigaro.fr\/login?client=horizon_web&amp;type=main&amp;redirect_uri=https%3A%2F%2Fwww.lefigaro.fr%2Finternational%2Fles-premiers-refugies-blancs-d-afrique-du-sud-arrivent-dans-l-amerique-de-donald-trump-20250512\" data-js-gtm=\"{&quot;customCategorie&quot;: &quot;conversion&quot;, &quot;customAction&quot;: &quot;before_Landing_Connexion_paywall_auto&quot;, &quot;customLabel&quot;: &quot;bGVmaWdhcm8uZnJfXzFmMDJlZjc5LWEwMGEtNmU4MC05ZjQxLWU3MjcwODA3YTRmZV9fQXJ0aWNsZQ==_Les premiers r\u00e9fugi\u00e9s blancs d\u2019Afrique du Sud arrivent dans l\u2019Am\u00e9rique de Donald Trump_486&quot;, &quot;customIDSPE&quot;: &quot;bGVmaWdhcm8uZnJfXzFmMDJlZjc5LWEwMGEtNmU4MC05ZjQxLWU3MjcwODA3YTRmZV9fQXJ0aWNsZQ==&quot;, &quot;event&quot;: &quot;customEventSPE&quot;}\" target=\"_blank\" rel=\"noopener\"><br \/>\n                    Connectez-vous<br \/>\n                <\/a>\n            <\/p>\n","protected":false},"excerpt":{"rendered":"Fuyant une \u00e9conomie en berne et des pers\u00e9cutions qu\u2019ils d\u00e9noncent depuis longtemps, ces Sud-Africains ont b\u00e9n\u00e9fici\u00e9 d\u2019un traitement&hellip;\n","protected":false},"author":2,"featured_media":93697,"comment_status":"","ping_status":"","sticky":false,"template":"","format":"standard","meta":{"footnotes":""},"categories":[5],"tags":[259,11,260,5594,75,1011,27,14,261,12,262,20616,28],"class_list":{"0":"post-93696","1":"post","2":"type-post","3":"status-publish","4":"format-standard","5":"has-post-thumbnail","7":"category-international","8":"tag-actualite-internationale","9":"tag-actualites","10":"tag-affaires-etrangeres","11":"tag-afrique-du-sud","12":"tag-donald-trump","13":"tag-fr","14":"tag-france","15":"tag-international","16":"tag-ministere-des-affaires-etrangeres","17":"tag-news","18":"tag-politique-etrangere","19":"tag-racisme-anti-blanc","20":"tag-world"},"share_on_mastodon":{"url":"https:\/\/pubeurope.com\/@fr\/114493748923977361","error":""},"_links":{"self":[{"href":"https:\/\/www.europesays.com\/fr\/wp-json\/wp\/v2\/posts\/93696","targetHints":{"allow":["GET"]}}],"collection":[{"href":"https:\/\/www.europesays.com\/fr\/wp-json\/wp\/v2\/posts"}],"about":[{"href":"https:\/\/www.europesays.com\/fr\/wp-json\/wp\/v2\/types\/post"}],"author":[{"embeddable":true,"href":"https:\/\/www.europesays.com\/fr\/wp-json\/wp\/v2\/users\/2"}],"replies":[{"embeddable":true,"href":"https:\/\/www.europesays.com\/fr\/wp-json\/wp\/v2\/comments?post=93696"}],"version-history":[{"count":0,"href":"https:\/\/www.europesays.com\/fr\/wp-json\/wp\/v2\/posts\/93696\/revisions"}],"wp:featuredmedia":[{"embeddable":true,"href":"https:\/\/www.europesays.com\/fr\/wp-json\/wp\/v2\/media\/93697"}],"wp:attachment":[{"href":"https:\/\/www.europesays.com\/fr\/wp-json\/wp\/v2\/media?parent=93696"}],"wp:term":[{"taxonomy":"category","embeddable":true,"href":"https:\/\/www.europesays.com\/fr\/wp-json\/wp\/v2\/categories?post=93696"},{"taxonomy":"post_tag","embeddable":true,"href":"https:\/\/www.europesays.com\/fr\/wp-json\/wp\/v2\/tags?post=93696"}],"curies":[{"name":"wp","href":"https:\/\/api.w.org\/{rel}","templated":true}]}}