{"id":93698,"date":"2025-05-12T07:45:09","date_gmt":"2025-05-12T07:45:09","guid":{"rendered":"https:\/\/www.europesays.com\/fr\/93698\/"},"modified":"2025-05-12T07:45:09","modified_gmt":"2025-05-12T07:45:09","slug":"plusieurs-vols-perturbes-a-cause-de-pluies-diluviennes","status":"publish","type":"post","link":"https:\/\/www.europesays.com\/fr\/93698\/","title":{"rendered":"plusieurs vols perturb\u00e9s \u00e0 cause de pluies diluviennes"},"content":{"rendered":"<p>                             Par Ad.B.<\/p>\n<p>                Il y a 38 minutes<\/p>\n<p>\u00a0\u00bb<br \/>\n        data-script=\u00a0\u00bbhttps:\/\/static.lefigaro.fr\/widget-video\/short-ttl\/video\/index.js\u00a0\u00bb<br \/>\n    &gt;<\/p>\n<p>Les orages qui ont frapp\u00e9 l\u2019\u00cele-de-France dimanche soir ont d\u00e9rout\u00e9 ou retard\u00e9 plusieurs vols \u00e0 l\u2019arriv\u00e9e et au d\u00e9part de l\u2019a\u00e9roport parisien.<\/p>\n<p class=\"fig-paragraph\">Les\u00a0<a href=\"http:\/\/www.lefigaro.fr\/meteo\/meteo-du-lundi-12-mai-un-temps-instable-et-orageux-sur-la-majeure-partie-du-pays-20250511\" data-fig-type=\"NewsFlash\" data-gtm-custom-categorie=\"navigation\" data-gtm-custom-action=\"crossclick\" data-gtm-custom-label=\"Contextuel\" data-gtm-event=\"customEventSPE\" data-fig-domain=\"LEFIGARO\" target=\"_blank\" rel=\"noopener\">averses orageuses<\/a>\u00a0qui ont frapp\u00e9 Paris et l\u2019\u00cele-de-France dans la nuit de dimanche \u00e0 lundi ont perturb\u00e9 le trafic a\u00e9rien \u00e0 l\u2019a\u00e9roport Roissy-Charles de Gaulle, selon plusieurs t\u00e9moignages. \u00abLes fortes pluies orageuses qui s\u2019abattent sur le Val-d\u2019Oise ce soir sont \u00e0 l\u2019origine de nombreux retards de vols\u00bb, a alert\u00e9 dimanche un peu avant 22h30 La Cha\u00eene M\u00e9t\u00e9o*, relayant des images impressionnantes de trombes d\u2019eau s\u2019abattant sur les fa\u00e7ades des terminaux de l\u2019a\u00e9roport.<\/p>\n<p class=\"fig-paragraph\">\u00abLa visibilit\u00e9 n\u2019est pas si mauvaise (3 km) mais ce sont les cumulonimbus qui perturbent l\u2019approche de l\u2019a\u00e9roport\u00bb, rapportait dans la soir\u00e9e le site sp\u00e9cialis\u00e9 Air Live, \u00e9voquant des vols d\u00e9tourn\u00e9s vers Nantes, Lille, Lyon ou encore Bruxelles, Zurich et Gen\u00e8ve, alors qu\u2019ils devaient atterrir \u00e0 Roissy. Certains tournaient en rond, d\u2019autres \u00absont m\u00eame retourn\u00e9s \u00e0 l\u2019a\u00e9roport d\u2019origine\u00bb.<\/p>\n<p class=\"fig-paragraph\">\u00c0 22h17, le site indiquait que les op\u00e9rations a\u00e9riennes reprenaient \u00ablentement\u00bb et que les vols en attente \u00e9taient \u00e0 nouveau dirig\u00e9s vers l\u2019a\u00e9roport parisien. Quant aux vols au d\u00e9part de Roissy, ils ont \u00e9t\u00e9 retard\u00e9s d\u20191h30 en moyenne.<\/p>\n<p class=\"fig-paragraph\">*La Cha\u00eene M\u00e9t\u00e9o est une propri\u00e9t\u00e9 du groupe Le Figaro.<\/p>\n","protected":false},"excerpt":{"rendered":"Par Ad.B. Il y a 38 minutes \u00a0\u00bb data-script=\u00a0\u00bbhttps:\/\/static.lefigaro.fr\/widget-video\/short-ttl\/video\/index.js\u00a0\u00bb &gt; Les orages qui ont frapp\u00e9 l\u2019\u00cele-de-France dimanche soir&hellip;\n","protected":false},"author":2,"featured_media":93699,"comment_status":"","ping_status":"","sticky":false,"template":"","format":"standard","meta":{"footnotes":""},"categories":[4],"tags":[339,11,663,340,343,345,350,130,344,352,349,33,341,313,1011,27,346,342,353,351,347,12,348,25,20617,354],"class_list":{"0":"post-93698","1":"post","2":"type-post","3":"status-publish","4":"format-standard","5":"has-post-thumbnail","7":"category-france","8":"tag-actualite-economique","9":"tag-actualites","10":"tag-aeroport","11":"tag-bourse","12":"tag-cac-40","13":"tag-chef-dentreprise","14":"tag-concurrence","15":"tag-consommation","16":"tag-creation-dentreprise","17":"tag-crise","18":"tag-delocalisations","19":"tag-economie","20":"tag-emploi","21":"tag-entreprises","22":"tag-fr","23":"tag-france","24":"tag-grands-patrons","25":"tag-impots","26":"tag-licenciements","27":"tag-monopole","28":"tag-multinationales","29":"tag-news","30":"tag-privatisation","31":"tag-republique-francaise","32":"tag-roissy-charles-de-gaulle","33":"tag-unio"},"share_on_mastodon":{"url":"https:\/\/pubeurope.com\/@fr\/114493752867600044","error":""},"_links":{"self":[{"href":"https:\/\/www.europesays.com\/fr\/wp-json\/wp\/v2\/posts\/93698","targetHints":{"allow":["GET"]}}],"collection":[{"href":"https:\/\/www.europesays.com\/fr\/wp-json\/wp\/v2\/posts"}],"about":[{"href":"https:\/\/www.europesays.com\/fr\/wp-json\/wp\/v2\/types\/post"}],"author":[{"embeddable":true,"href":"https:\/\/www.europesays.com\/fr\/wp-json\/wp\/v2\/users\/2"}],"replies":[{"embeddable":true,"href":"https:\/\/www.europesays.com\/fr\/wp-json\/wp\/v2\/comments?post=93698"}],"version-history":[{"count":0,"href":"https:\/\/www.europesays.com\/fr\/wp-json\/wp\/v2\/posts\/93698\/revisions"}],"wp:featuredmedia":[{"embeddable":true,"href":"https:\/\/www.europesays.com\/fr\/wp-json\/wp\/v2\/media\/93699"}],"wp:attachment":[{"href":"https:\/\/www.europesays.com\/fr\/wp-json\/wp\/v2\/media?parent=93698"}],"wp:term":[{"taxonomy":"category","embeddable":true,"href":"https:\/\/www.europesays.com\/fr\/wp-json\/wp\/v2\/categories?post=93698"},{"taxonomy":"post_tag","embeddable":true,"href":"https:\/\/www.europesays.com\/fr\/wp-json\/wp\/v2\/tags?post=93698"}],"curies":[{"name":"wp","href":"https:\/\/api.w.org\/{rel}","templated":true}]}}