{"id":93701,"date":"2025-05-12T07:47:11","date_gmt":"2025-05-12T07:47:11","guid":{"rendered":"https:\/\/www.europesays.com\/fr\/93701\/"},"modified":"2025-05-12T07:47:11","modified_gmt":"2025-05-12T07:47:11","slug":"quen-sera-t-il-pour-industeel-saint-chamond-et-chateauneuf","status":"publish","type":"post","link":"https:\/\/www.europesays.com\/fr\/93701\/","title":{"rendered":"qu\u2019en sera-t-il pour Industeel Saint-Chamond et Ch\u00e2teauneuf ?"},"content":{"rendered":"<p>Cr\u00e9\u00e9e il y a 160 ans par les fr\u00e8res Marrel \u00e0 Ch\u00e2teauneuf, la soci\u00e9t\u00e9 Industeel, son nom depuis le d\u00e9but des ann\u00e9es 2000, en a connu des crises ces cinq derni\u00e8res d\u00e9cennies \u00e0 travers les diff\u00e9rents rachats par Creusot-Loire en 1974, Usinor au milieu des ann\u00e9es 1980, puis Arcelor en 2002 et enfin ArcelorMittal, il y a 21 ans.<\/p>\n<p>\u00ab\u00a0L\u2019ambiance n\u2019est pas trop \u00e0 la f\u00eate\u00a0\u00bb<\/p>\n<p>Aujourd\u2019hui, les effectifs lig\u00e9riens de l\u2019entreprise, \u00e9galement pr\u00e9sente au Creusot en Sa\u00f4ne-et-Loire, ont fondu\u00a0: elle compte 300 salari\u00e9s sur son site de Ch\u00e2teauneuf et une trentaine \u00e0 Saint-Chamond, o\u00f9 sont produites des t\u00f4les en acier technique pour le nucl\u00e9aire et la d\u00e9fense notamment.<\/p>\n<p>Et l\u2019activit\u00e9 n\u2019y est gu\u00e8re soutenue, selon Jean-Charles Marino,&#8230;<\/p>\n","protected":false},"excerpt":{"rendered":"Cr\u00e9\u00e9e il y a 160 ans par les fr\u00e8res Marrel \u00e0 Ch\u00e2teauneuf, la soci\u00e9t\u00e9 Industeel, son nom depuis&hellip;\n","protected":false},"author":2,"featured_media":93702,"comment_status":"","ping_status":"","sticky":false,"template":"","format":"standard","meta":{"footnotes":""},"categories":[9653],"tags":[1111,11,2430,20618,9810,33,7539,1777,674,107,1011,27,693,3367,12,25,20619,9669,4001],"class_list":{"0":"post-93701","1":"post","2":"type-post","3":"status-publish","4":"format-standard","5":"has-post-thumbnail","7":"category-saint-etienne","8":"tag-actu","9":"tag-actualites","10":"tag-auvergne-rhone-alpes","11":"tag-chateauneuf","12":"tag-direct-entreprises","13":"tag-economie","14":"tag-edition-loire-sud","15":"tag-eu","16":"tag-europe","17":"tag-fil-info","18":"tag-fr","19":"tag-france","20":"tag-industrie","21":"tag-loire","22":"tag-news","23":"tag-republique-francaise","24":"tag-rive-de-gier-bassin","25":"tag-saint-chamond","26":"tag-saint-etienne"},"share_on_mastodon":{"url":"https:\/\/pubeurope.com\/@fr\/114493760734931011","error":""},"_links":{"self":[{"href":"https:\/\/www.europesays.com\/fr\/wp-json\/wp\/v2\/posts\/93701","targetHints":{"allow":["GET"]}}],"collection":[{"href":"https:\/\/www.europesays.com\/fr\/wp-json\/wp\/v2\/posts"}],"about":[{"href":"https:\/\/www.europesays.com\/fr\/wp-json\/wp\/v2\/types\/post"}],"author":[{"embeddable":true,"href":"https:\/\/www.europesays.com\/fr\/wp-json\/wp\/v2\/users\/2"}],"replies":[{"embeddable":true,"href":"https:\/\/www.europesays.com\/fr\/wp-json\/wp\/v2\/comments?post=93701"}],"version-history":[{"count":0,"href":"https:\/\/www.europesays.com\/fr\/wp-json\/wp\/v2\/posts\/93701\/revisions"}],"wp:featuredmedia":[{"embeddable":true,"href":"https:\/\/www.europesays.com\/fr\/wp-json\/wp\/v2\/media\/93702"}],"wp:attachment":[{"href":"https:\/\/www.europesays.com\/fr\/wp-json\/wp\/v2\/media?parent=93701"}],"wp:term":[{"taxonomy":"category","embeddable":true,"href":"https:\/\/www.europesays.com\/fr\/wp-json\/wp\/v2\/categories?post=93701"},{"taxonomy":"post_tag","embeddable":true,"href":"https:\/\/www.europesays.com\/fr\/wp-json\/wp\/v2\/tags?post=93701"}],"curies":[{"name":"wp","href":"https:\/\/api.w.org\/{rel}","templated":true}]}}