{"id":93707,"date":"2025-05-12T07:51:08","date_gmt":"2025-05-12T07:51:08","guid":{"rendered":"https:\/\/www.europesays.com\/fr\/93707\/"},"modified":"2025-05-12T07:51:08","modified_gmt":"2025-05-12T07:51:08","slug":"des-renforts-estivaux-a-lhopital-de-toulon-la-seyne","status":"publish","type":"post","link":"https:\/\/www.europesays.com\/fr\/93707\/","title":{"rendered":"Des renforts estivaux \u00e0 l\u2019h\u00f4pital de Toulon \u2013 La Seyne"},"content":{"rendered":"\n<p>Face \u00e0 l\u2019afflux de touristes qui promet de s\u2019abattre sur le Var comme chaque \u00e9t\u00e9 (pr\u00e8s de 33 millions de nuit\u00e9es touristiques en juillet et ao\u00fbt 2024), mais aussi pour pallier les d\u00e9parts en vacances, en retraite et les fins d\u2019internats, les services hospitaliers de l\u2019h\u00f4pital de Toulon \u2013 La Seyne-sur-Mer vont avoir droit \u00e0 du renfort avec, pour le semestre estival, l\u2019arriv\u00e9e de 101 nouveaux internes et de 15 docteurs juniors. Ces derniers sont de jeunes m\u00e9decins qui viennent de valider leur th\u00e8se, apr\u00e8s 9 \u00e0 10\u00a0ann\u00e9es d\u2019\u00e9tudes, et qui entrent dans une nouvelle phase de consolidation d\u2019une \u00e0 deux ann\u00e9es, pour obtenir leur dipl\u00f4me d\u2019\u00e9tudes sp\u00e9cialis\u00e9es.<\/p>\n<p> Un d\u00e9ficit de 3,5 milliards d\u2019euros pour l\u2019h\u00f4pital public\n              <\/p>\n<p>Des renforts bienvenus, donc, qui concerneront 14 p\u00f4les de m\u00e9decine et sp\u00e9cialit\u00e9, parmi lesquels la pharmacie, l\u2019anesth\u00e9sie-r\u00e9animation-unit\u00e9 pour c\u00e9r\u00e9bro-l\u00e9s\u00e9s-coordination Hospitali\u00e8re (ARRUC), la chirurgie, la n\u00e9phrologie- g\u00e9riatrie, la gyn\u00e9cologie-obst\u00e9trique, la cardiologie-m\u00e9decine vasculaire-neurologie-endocrinologie, les urgences, la psychiatrie adulte, la p\u00e9diatrie&#8230; Et ce, au sein des quatre \u00e9tablissements qu\u2019abrite le CHITS : l\u2019h\u00f4pital Sainte-Musse de Toulon, l\u2019h\u00f4pital George-Sand de la Seyne-sur-Mer, l\u2019h\u00f4pital Georges-Clemenceau \u00e0 la Garde ainsi qu\u2019au centre hospitalier Marie-Jos\u00e9 Treffot de Hy\u00e8res. En contrepartie de leur apport, ces jeunes ou futurs m\u00e9decins pourront se former aux c\u00f4t\u00e9s des 400 membres du corps m\u00e9dical du CHITS, au sein de l\u2019h\u00f4pital de r\u00e9f\u00e9rence du d\u00e9partement qui recense plus de 4\u00a0500 agents et 1\u00a0300 lits.<\/p>\n<p>Une bonne nouvelle dans le contexte actuel de l\u2019h\u00f4pital public en France qui souffre d\u2019un d\u00e9ficit estim\u00e9 \u00e0 3,5 milliards d\u2019euros en 2024, et de manques d\u2019effectifs et de moyens chroniques. L\u2019h\u00f4pital de Toulon\u00a0&#8211;\u00a0La Seyne n\u2019est d\u2019ailleurs pas en reste, avec 28 millions d\u2019euros de d\u00e9ficit annonc\u00e9 pour 2024. Plus g\u00e9n\u00e9ralement, l\u2019offre de soin dans le d\u00e9partement s\u2019\u00e9tait encore tarie, avec la fermeture, en mai 2024, de la clinique Sainte-Marguerite, ravag\u00e9e par un incendie et laiss\u00e9e \u00e0 l\u2019abandon par son propri\u00e9taire, le GIE Sainte-Marguerite, malgr\u00e9 de vaines promesses de reprises d\u2019activit\u00e9. Heureusement, l\u2019\u00e9tablissement va pouvoir rouvrir d\u2019ici la fin de l\u2019ann\u00e9e, ou le d\u00e9but de la suivante, gr\u00e2ce la reprise du groupe Almaviva, valid\u00e9e par le tribunal de commerce mercredi dernier, qui ne permettra toutefois de sauver que 110 des 255 emplois du site.<\/p>\n","protected":false},"excerpt":{"rendered":"Face \u00e0 l\u2019afflux de touristes qui promet de s\u2019abattre sur le Var comme chaque \u00e9t\u00e9 (pr\u00e8s de 33&hellip;\n","protected":false},"author":2,"featured_media":93708,"comment_status":"","ping_status":"","sticky":false,"template":"","format":"standard","meta":{"footnotes":""},"categories":[9619],"tags":[1111,11,12125,1777,674,1011,27,12,882,25,2310],"class_list":{"0":"post-93707","1":"post","2":"type-post","3":"status-publish","4":"format-standard","5":"has-post-thumbnail","7":"category-toulon","8":"tag-actu","9":"tag-actualites","10":"tag-adam-benhammouda","11":"tag-eu","12":"tag-europe","13":"tag-fr","14":"tag-france","15":"tag-news","16":"tag-provence-alpes-cote-dazur","17":"tag-republique-francaise","18":"tag-toulon"},"share_on_mastodon":{"url":"https:\/\/pubeurope.com\/@fr\/114493776366852936","error":""},"_links":{"self":[{"href":"https:\/\/www.europesays.com\/fr\/wp-json\/wp\/v2\/posts\/93707","targetHints":{"allow":["GET"]}}],"collection":[{"href":"https:\/\/www.europesays.com\/fr\/wp-json\/wp\/v2\/posts"}],"about":[{"href":"https:\/\/www.europesays.com\/fr\/wp-json\/wp\/v2\/types\/post"}],"author":[{"embeddable":true,"href":"https:\/\/www.europesays.com\/fr\/wp-json\/wp\/v2\/users\/2"}],"replies":[{"embeddable":true,"href":"https:\/\/www.europesays.com\/fr\/wp-json\/wp\/v2\/comments?post=93707"}],"version-history":[{"count":0,"href":"https:\/\/www.europesays.com\/fr\/wp-json\/wp\/v2\/posts\/93707\/revisions"}],"wp:featuredmedia":[{"embeddable":true,"href":"https:\/\/www.europesays.com\/fr\/wp-json\/wp\/v2\/media\/93708"}],"wp:attachment":[{"href":"https:\/\/www.europesays.com\/fr\/wp-json\/wp\/v2\/media?parent=93707"}],"wp:term":[{"taxonomy":"category","embeddable":true,"href":"https:\/\/www.europesays.com\/fr\/wp-json\/wp\/v2\/categories?post=93707"},{"taxonomy":"post_tag","embeddable":true,"href":"https:\/\/www.europesays.com\/fr\/wp-json\/wp\/v2\/tags?post=93707"}],"curies":[{"name":"wp","href":"https:\/\/api.w.org\/{rel}","templated":true}]}}