{"id":93711,"date":"2025-05-12T07:53:08","date_gmt":"2025-05-12T07:53:08","guid":{"rendered":"https:\/\/www.europesays.com\/fr\/93711\/"},"modified":"2025-05-12T07:53:08","modified_gmt":"2025-05-12T07:53:08","slug":"prets-pour-un-voyage-sensoriel-avec-les-chemins-du-parfum","status":"publish","type":"post","link":"https:\/\/www.europesays.com\/fr\/93711\/","title":{"rendered":"pr\u00eats pour un voyage sensoriel avec les Chemins du Parfum\u00a0?"},"content":{"rendered":"<p>            Par<br \/>\n        <strong><br \/>\n            <a href=\"https:\/\/actu.fr\/auteur\/metropoop\" title=\"Consulter tous les articles de R\u00e9daction M\u00e9tropolitain\" rel=\"nofollow noopener\" target=\"_blank\">R\u00e9daction M\u00e9tropolitain<\/a><br \/>\n        <\/strong><\/p>\n<p>        Publi\u00e9 le<\/p>\n<p>            12 mai 2025 \u00e0 9h16        <\/p>\n<p>Montpellier n\u2019a pas \u00e9t\u00e9 choisie par hasard pour organiser <strong>les Chemins du Parfum<\/strong>. D\u00e8s le Moyen \u00c2ge, la ville se distingue par son savoir-faire dans la manipulation des plantes et des essences. Elle devient rapidement un centre de formation pour les apothicaires-parfumeurs. \u00c0 cette \u00e9poque, la parfumerie est li\u00e9e \u00e0 la m\u00e9decine et \u00e0 la s\u00e9duction. L\u2019un des premiers exemples de cette tradition est l\u2019Eau de la Reine de Hongrie. Ce parfum, consid\u00e9r\u00e9 comme l\u2019un des plus anciens d\u2019Europe, \u00e9tait utilis\u00e9 \u00e0 la fois comme soin et comme accessoire de charme. Pendant pr\u00e8s de cinq si\u00e8cles, Montpellier joue un r\u00f4le cl\u00e9 dans la transmission des connaissances botaniques et olfactives.<\/p>\n<p>Trois jours pour explorer le parfum sous toutes ses formes<\/p>\n<p class=\" wall-content\"><strong>Du lundi 19 au mercredi 21 juin 2025<\/strong>, la ville propose un programme dense autour du parfum. L\u2019\u00e9v\u00e9nement s\u2019adresse \u00e0 tous les publics : professionnels, curieux, enfants, \u00e9tudiants ou chercheurs. Plusieurs lieux embl\u00e9matiques ouvrent leurs portes \u00e0 cette occasion. Le Jardin des Plantes, le plus ancien de France, accueille des balades guid\u00e9es sur le th\u00e8me des plantes \u00e0 parfum. \u00c0 la Facult\u00e9 de M\u00e9decine, des conf\u00e9rences abordent des sujets vari\u00e9s : la m\u00e9moire olfactive, le pouvoir \u00e9motionnel des odeurs ou encore le r\u00f4le du nez dans la s\u00e9duction.<\/p>\n<p>    <a href=\"https:\/\/www.google.com\/maps\/embed?pb=!1m18!1m12!1m3!1d2888.6931058392443!2d3.870913276460083!3d43.612931171104094!2m3!1f0!2f0!3f0!3m2!1i1024!2i768!4f13.1!3m3!1m2!1s0x12b6aec0e7daf233%3A0xee72c1c18bc1af5!2sUniversit%C3%A9%20Montpellier%20I%20-%20Faculty%20of%20Medicine!5e0!3m2!1sen!2sfr!4v1746870399875!5m2!1sen!2sfr\" title=\"Ouvrie le lien\" rel=\"nofollow noopener\" target=\"_blank\">Cliquez ici pour visualiser le contenu<\/a><\/p>\n<p class=\" wall-content\">Des ateliers proposent de mettre en mots les sensations ressenties \u00e0 travers l\u2019\u00e9criture parfum\u00e9e. Le th\u00e9\u00e2tre est \u00e9galement au programme, avec la pi\u00e8ce immersive Darius, jou\u00e9e dans la cour d\u2019honneur de la facult\u00e9. L\u2019Universit\u00e9 de Montpellier est au c\u0153ur de cet \u00e9v\u00e9nement. Ses formations en chimie, pharmacie, botanique et parfumerie en font un lieu de transmission privil\u00e9gi\u00e9 du savoir olfactif. Elle collabore notamment avec le laboratoire priv\u00e9 Odore Scola, install\u00e9 dans ses murs. La cl\u00f4ture de l\u2019\u00e9v\u00e9nement a lieu dans la cour d\u2019honneur de la Facult\u00e9 de M\u00e9decine. Un concert symphonique y est organis\u00e9. Il vient conclure trois jours d\u2019exp\u00e9riences sensorielles.<\/p>\n<p><strong>&gt;<\/strong> L\u2019acc\u00e8s est libre pour la majorit\u00e9 des animations, mais une r\u00e9servation est n\u00e9cessaire pour les ateliers de formulation, la pi\u00e8ce Darius et la soir\u00e9e de cl\u00f4ture (infos au <strong>06.28.90.86.24<\/strong>). Le programme complet est disponible <a href=\"https:\/\/cdt34.media.tourinsoft.eu\/upload\/Flyer-LCDP-verso-version-27-02--page-0001.jpg\" rel=\"nofollow noopener\" target=\"_blank\">ici<\/a>Vid\u00e9os : en ce moment sur Actu<\/p>\n<p class=\" wall-content\">Suivez toute l\u2019actualit\u00e9 de vos villes et m\u00e9dias favoris en vous inscrivant \u00e0 <a href=\"https:\/\/moncompte.actu.fr\" title=\"D\u00e9couvez Mon Actu\" rel=\"nofollow noopener\" data-trk=\"{&quot;cta&quot;:{&quot;action&quot;:&quot;https:\\\/\\\/moncompte.actu.fr&quot;,&quot;category&quot;:&quot;mon compte&quot;,&quot;from&quot;:&quot;article footer&quot;,&quot;name&quot;:&quot;Mon actu&quot;,&quot;type&quot;:&quot;cta&quot;}}\" target=\"_blank\">Mon Actu<\/a>.<\/p>\n","protected":false},"excerpt":{"rendered":"Par R\u00e9daction M\u00e9tropolitain Publi\u00e9 le 12 mai 2025 \u00e0 9h16 Montpellier n\u2019a pas \u00e9t\u00e9 choisie par hasard pour&hellip;\n","protected":false},"author":2,"featured_media":93712,"comment_status":"","ping_status":"","sticky":false,"template":"","format":"standard","meta":{"footnotes":""},"categories":[9599],"tags":[1111,11,1719,1777,674,652,1011,27,2208,12,2680,25,2631],"class_list":{"0":"post-93711","1":"post","2":"type-post","3":"status-publish","4":"format-standard","5":"has-post-thumbnail","7":"category-montpellier","8":"tag-actu","9":"tag-actualites","10":"tag-enfants","11":"tag-eu","12":"tag-europe","13":"tag-famille","14":"tag-fr","15":"tag-france","16":"tag-montpellier","17":"tag-news","18":"tag-occitanie","19":"tag-republique-francaise","20":"tag-sciences-technologie"},"share_on_mastodon":{"url":"https:\/\/pubeurope.com\/@fr\/114493784408635974","error":""},"_links":{"self":[{"href":"https:\/\/www.europesays.com\/fr\/wp-json\/wp\/v2\/posts\/93711","targetHints":{"allow":["GET"]}}],"collection":[{"href":"https:\/\/www.europesays.com\/fr\/wp-json\/wp\/v2\/posts"}],"about":[{"href":"https:\/\/www.europesays.com\/fr\/wp-json\/wp\/v2\/types\/post"}],"author":[{"embeddable":true,"href":"https:\/\/www.europesays.com\/fr\/wp-json\/wp\/v2\/users\/2"}],"replies":[{"embeddable":true,"href":"https:\/\/www.europesays.com\/fr\/wp-json\/wp\/v2\/comments?post=93711"}],"version-history":[{"count":0,"href":"https:\/\/www.europesays.com\/fr\/wp-json\/wp\/v2\/posts\/93711\/revisions"}],"wp:featuredmedia":[{"embeddable":true,"href":"https:\/\/www.europesays.com\/fr\/wp-json\/wp\/v2\/media\/93712"}],"wp:attachment":[{"href":"https:\/\/www.europesays.com\/fr\/wp-json\/wp\/v2\/media?parent=93711"}],"wp:term":[{"taxonomy":"category","embeddable":true,"href":"https:\/\/www.europesays.com\/fr\/wp-json\/wp\/v2\/categories?post=93711"},{"taxonomy":"post_tag","embeddable":true,"href":"https:\/\/www.europesays.com\/fr\/wp-json\/wp\/v2\/tags?post=93711"}],"curies":[{"name":"wp","href":"https:\/\/api.w.org\/{rel}","templated":true}]}}