{"id":93717,"date":"2025-05-12T07:58:13","date_gmt":"2025-05-12T07:58:13","guid":{"rendered":"https:\/\/www.europesays.com\/fr\/93717\/"},"modified":"2025-05-12T07:58:13","modified_gmt":"2025-05-12T07:58:13","slug":"elite-1-feminine-un-nouveau-gros-depart-aux-amazones-du-fcg-chambon-vers-lasm","status":"publish","type":"post","link":"https:\/\/www.europesays.com\/fr\/93717\/","title":{"rendered":"\u00c9lite 1 f\u00e9minine. Un nouveau gros d\u00e9part aux Amazones du FCG : Chambon vers l\u2019ASM"},"content":{"rendered":"<p>Les grandes man\u0153uvres se poursuivent, et s\u2019amplifient, dans le monde du rugby f\u00e9minin fran\u00e7ais. Alors que les saisons pr\u00e9c\u00e9dentes, les transferts d\u2019internationales tricolores d\u2019un club \u00e0 l\u2019autre d\u2019Elite 1 f\u00e9minine relevaient de l\u2019exception, ils sont en train de se multiplier.<\/p>\n<p>Ce week-end, nos confr\u00e8res de Midi Olympique ont annonc\u00e9 que les pili\u00e8res Yllana Brosseau et Assia Khalfaoui, toutes deux r\u00e9guli\u00e8rement align\u00e9es par le XV de France f\u00e9minin, allaient quitter le Stade Bordelais pour l\u2019ASM Romagnat. Ce, alors que le club girondin est pourtant double champion de France en titre et leader de la saison r\u00e9guli\u00e8re.<\/p>\n<p>Le club auvergnat \u2013 qui d\u00e9ploie des moyens tr\u00e8s importants pour d\u00e9velopper sa section f\u00e9minine \u2013 ne va pas en rester l\u00e0. Il a aussi obtenu l\u2019engagement d\u2019Alexandra Chambon (24 ans, 29 s\u00e9lections).<\/p>\n<p>Un manque de visibilit\u00e9 pr\u00e9judiciable aux Amazones du FCG<\/p>\n<p>La Savoyarde \u2013 originaire de Montm\u00e9lian et align\u00e9e quatre fois pendant le dernier Tournoi des VI Nations f\u00e9minin \u2013 souhaitait rester au FCG Amazones, son club depuis toujours en seniors. Par attachement \u00e0 ses couleurs rouge et bleu et au projet collectif port\u00e9 depuis plusieurs ann\u00e9es avec ses entra\u00eeneurs et co\u00e9quipi\u00e8res.<\/p>\n<p>Mais, selon nos informations, elle n\u2019a jamais pu obtenir de r\u00e9ponse de ses dirigeants par rapport \u00e0 la saison 2025-2026 et <a title=\"rugby E1F LOU - FCG maillots roses\" href=\"https:\/\/www.ledauphine.com\/sport\/2025\/05\/11\/pour-protester-contre-l-inaction-de-leurs-dirigeants-les-amazones-du-fcg-ont-joue-en-rose\" target=\"_blank\" rel=\"noopener\">\u00e0 la possibilit\u00e9, pour le club grenoblois, de conserver une \u00e9quipe comp\u00e9titive<\/a>, avec des moyens mat\u00e9riels dignes de joueuses de haut niveau.<\/p>\n<p>Sollicit\u00e9e depuis de nombreuses semaines par l\u2019ASM, qui lui offre plus de garanties, Chambon a donc choisi de porter le maillot jaune et bleu la saison prochaine. Elle en a inform\u00e9 cette semaine son staff et ses partenaires.<\/p>\n<p>Un coup dur de plus pour les Amazones du FCG, qui perdront d\u00e9j\u00e0 l\u2019\u00e9t\u00e9 prochain Ambre Mwayembe (pili\u00e8re gauche internationale, 21 ans, 19 s\u00e9lections), <a title=\"rugby FCG Amazones Mwayembe Toulouse\" href=\"https:\/\/www.ledauphine.com\/sport\/2025\/02\/25\/j-ai-besoin-d-aller-voir-ailleurs-pourquoi-l-internationale-ambre-mwayembe-va-quitter-les-amazones-du-fcg\" target=\"_blank\" rel=\"noopener\">qui rejoindra pour sa part le Stade Toulousain<\/a>.<\/p>\n","protected":false},"excerpt":{"rendered":"Les grandes man\u0153uvres se poursuivent, et s\u2019amplifient, dans le monde du rugby f\u00e9minin fran\u00e7ais. Alors que les saisons&hellip;\n","protected":false},"author":2,"featured_media":93718,"comment_status":"","ping_status":"","sticky":false,"template":"","format":"standard","meta":{"footnotes":""},"categories":[9566],"tags":[1111,11,2430,7001,112,113,114,1777,674,2727,107,1701,1795,1011,27,2731,2732,108,20622,20623,20621,12,20624,25,479,5508,517,1947],"class_list":{"0":"post-93717","1":"post","2":"type-post","3":"status-publish","4":"format-standard","5":"has-post-thumbnail","7":"category-grenoble","8":"tag-actu","9":"tag-actualites","10":"tag-auvergne-rhone-alpes","11":"tag-edition-chambery-aix-les-bains","12":"tag-edition-grenoble-agglomeration","13":"tag-edition-gresivaudan-oisans","14":"tag-edition-voiron-saint-marcellin","15":"tag-eu","16":"tag-europe","17":"tag-fcg-fc-grenoble-rugby","18":"tag-fil-info","19":"tag-fil-info-sport","20":"tag-fil-web","21":"tag-fr","22":"tag-france","23":"tag-grenoble","24":"tag-grenoble-bassin","25":"tag-isere","26":"tag-la-ravoire","27":"tag-la-ravoire-et-autour","28":"tag-montmelian","29":"tag-news","30":"tag-porte-de-savoie","31":"tag-republique-francaise","32":"tag-rugby","33":"tag-savoie","34":"tag-sport","35":"tag-sport-national"},"share_on_mastodon":{"url":"https:\/\/pubeurope.com\/@fr\/114493803937276389","error":""},"_links":{"self":[{"href":"https:\/\/www.europesays.com\/fr\/wp-json\/wp\/v2\/posts\/93717","targetHints":{"allow":["GET"]}}],"collection":[{"href":"https:\/\/www.europesays.com\/fr\/wp-json\/wp\/v2\/posts"}],"about":[{"href":"https:\/\/www.europesays.com\/fr\/wp-json\/wp\/v2\/types\/post"}],"author":[{"embeddable":true,"href":"https:\/\/www.europesays.com\/fr\/wp-json\/wp\/v2\/users\/2"}],"replies":[{"embeddable":true,"href":"https:\/\/www.europesays.com\/fr\/wp-json\/wp\/v2\/comments?post=93717"}],"version-history":[{"count":0,"href":"https:\/\/www.europesays.com\/fr\/wp-json\/wp\/v2\/posts\/93717\/revisions"}],"wp:featuredmedia":[{"embeddable":true,"href":"https:\/\/www.europesays.com\/fr\/wp-json\/wp\/v2\/media\/93718"}],"wp:attachment":[{"href":"https:\/\/www.europesays.com\/fr\/wp-json\/wp\/v2\/media?parent=93717"}],"wp:term":[{"taxonomy":"category","embeddable":true,"href":"https:\/\/www.europesays.com\/fr\/wp-json\/wp\/v2\/categories?post=93717"},{"taxonomy":"post_tag","embeddable":true,"href":"https:\/\/www.europesays.com\/fr\/wp-json\/wp\/v2\/tags?post=93717"}],"curies":[{"name":"wp","href":"https:\/\/api.w.org\/{rel}","templated":true}]}}