{"id":93721,"date":"2025-05-12T08:00:08","date_gmt":"2025-05-12T08:00:08","guid":{"rendered":"https:\/\/www.europesays.com\/fr\/93721\/"},"modified":"2025-05-12T08:00:08","modified_gmt":"2025-05-12T08:00:08","slug":"un-vehicule-prend-feu-sur-la-quatre-voies","status":"publish","type":"post","link":"https:\/\/www.europesays.com\/fr\/93721\/","title":{"rendered":"un v\u00e9hicule prend feu sur la quatre voies"},"content":{"rendered":"<p>            Par<br \/>\n        <strong><br \/>\n            <a href=\"https:\/\/actu.fr\/auteur\/redaction-jv\" title=\"Consulter tous les articles de R\u00e9daction Vitr\u00e9\" rel=\"nofollow noopener\" target=\"_blank\">R\u00e9daction Vitr\u00e9<\/a><br \/>\n        <\/strong><\/p>\n<p>        Publi\u00e9 le<\/p>\n<p>            12 mai 2025 \u00e0 9h43        <\/p>\n<p>Un <b>v\u00e9hicule en feu<\/b> a \u00e9t\u00e9 signal\u00e9 par <b>Bison Fut\u00e9,<\/b> vers <b>3\u2009h\u200945 <\/b>du matin, dans la <b>nuit du dimanche\u00a011 au lundi 12\u00a0mai <\/b>2025, sur la <b>RN157,<\/b> \u00e0 hauteur de <b>Br\u00e9al-sous-Vitr\u00e9<\/b> (Ille-et-Vilaine).<\/p>\n<p class=\" wall-content\">Contact\u00e9, le Centre op\u00e9rationnel d\u00e9partemental d\u2019incendie et de secours (Codis) n\u2019indique aucun dommage corporel li\u00e9 \u00e0 ce feu de v\u00e9hicule.<\/p>\n<p class=\" wall-content\">Ce dernier roulait sur la quatre voies<b> en direction de Rennes<\/b> lorsque le feu s\u2019est d\u00e9clar\u00e9.<\/p>\n<p class=\" wall-content\">Vers<b> 6\u2009h\u200935, <\/b>Bison fut\u00e9 levait l\u2019alerte li\u00e9e \u00e0 ce v\u00e9hicule, pr\u00e9sent sur la bande d\u2019arr\u00eat d\u2019urgence.<\/p>\n<p class=\" wall-content\">Suivez toute l\u2019actualit\u00e9 de vos villes et m\u00e9dias favoris en vous inscrivant \u00e0 <a href=\"https:\/\/moncompte.actu.fr\" title=\"D\u00e9couvez Mon Actu\" rel=\"nofollow noopener\" data-trk=\"{&quot;cta&quot;:{&quot;action&quot;:&quot;https:\\\/\\\/moncompte.actu.fr&quot;,&quot;category&quot;:&quot;mon compte&quot;,&quot;from&quot;:&quot;article footer&quot;,&quot;name&quot;:&quot;Mon actu&quot;,&quot;type&quot;:&quot;cta&quot;}}\" target=\"_blank\">Mon Actu<\/a>.<\/p>\n","protected":false},"excerpt":{"rendered":"Par R\u00e9daction Vitr\u00e9 Publi\u00e9 le 12 mai 2025 \u00e0 9h43 Un v\u00e9hicule en feu a \u00e9t\u00e9 signal\u00e9 par&hellip;\n","protected":false},"author":2,"featured_media":93722,"comment_status":"","ping_status":"","sticky":false,"template":"","format":"standard","meta":{"footnotes":""},"categories":[2821],"tags":[119,1111,11,829,1777,674,118,1011,27,12,584,25],"class_list":{"0":"post-93721","1":"post","2":"type-post","3":"status-publish","4":"format-standard","5":"has-post-thumbnail","7":"category-rennes","8":"tag-accident","9":"tag-actu","10":"tag-actualites","11":"tag-bretagne","12":"tag-eu","13":"tag-europe","14":"tag-faits-divers","15":"tag-fr","16":"tag-france","17":"tag-news","18":"tag-rennes","19":"tag-republique-francaise"},"share_on_mastodon":{"url":"https:\/\/pubeurope.com\/@fr\/114493811761593498","error":""},"_links":{"self":[{"href":"https:\/\/www.europesays.com\/fr\/wp-json\/wp\/v2\/posts\/93721","targetHints":{"allow":["GET"]}}],"collection":[{"href":"https:\/\/www.europesays.com\/fr\/wp-json\/wp\/v2\/posts"}],"about":[{"href":"https:\/\/www.europesays.com\/fr\/wp-json\/wp\/v2\/types\/post"}],"author":[{"embeddable":true,"href":"https:\/\/www.europesays.com\/fr\/wp-json\/wp\/v2\/users\/2"}],"replies":[{"embeddable":true,"href":"https:\/\/www.europesays.com\/fr\/wp-json\/wp\/v2\/comments?post=93721"}],"version-history":[{"count":0,"href":"https:\/\/www.europesays.com\/fr\/wp-json\/wp\/v2\/posts\/93721\/revisions"}],"wp:featuredmedia":[{"embeddable":true,"href":"https:\/\/www.europesays.com\/fr\/wp-json\/wp\/v2\/media\/93722"}],"wp:attachment":[{"href":"https:\/\/www.europesays.com\/fr\/wp-json\/wp\/v2\/media?parent=93721"}],"wp:term":[{"taxonomy":"category","embeddable":true,"href":"https:\/\/www.europesays.com\/fr\/wp-json\/wp\/v2\/categories?post=93721"},{"taxonomy":"post_tag","embeddable":true,"href":"https:\/\/www.europesays.com\/fr\/wp-json\/wp\/v2\/tags?post=93721"}],"curies":[{"name":"wp","href":"https:\/\/api.w.org\/{rel}","templated":true}]}}