{"id":93728,"date":"2025-05-12T08:05:09","date_gmt":"2025-05-12T08:05:09","guid":{"rendered":"https:\/\/www.europesays.com\/fr\/93728\/"},"modified":"2025-05-12T08:05:09","modified_gmt":"2025-05-12T08:05:09","slug":"une-initiative-originale-trouver-un-emploi-et-visiter-en-meme-temps-un-musee-darts","status":"publish","type":"post","link":"https:\/\/www.europesays.com\/fr\/93728\/","title":{"rendered":"Une initiative originale\u00a0: trouver un emploi et visiter en m\u00eame temps un mus\u00e9e d\u2019arts"},"content":{"rendered":"<p>En partenariat avec France Travail et avec de nombreux acteurs publics, les clubs Loire-Atlantique et Nantes M\u00e9tropole du mouvement \u00ab\u00a0Les entreprises s\u2019engagent\u00a0\u00bb organisent un job dating mercredi 14\u00a0mai de 16 \u00e0 18\u00a0heures.<\/p>\n<p>Un job dating pour favoriser l\u2019emploi et la formation<\/p>\n<p>Les candidats \u00e0 la recherche d\u2019un emploi, d\u2019une formation ou d\u2019un stage pourront rencontrer une vingtaine d\u2019entreprises qui recrutent dans de nombreux secteurs et notamment dans l\u2019industrie, le transport, le digital, le m\u00e9dico-social et la fonction publique. <strong> Cela sera \u00e9galement l\u2019occasion de lancer l\u2019\u00e9v\u00e9nement \u00ab\u00a0Uniques\u00a0\u00bb\u00a0; le premier festival national d\u00e9di\u00e9 \u00e0 l\u2019\u00e9galit\u00e9 des chances qui aura lieu les 15 et 16\u00a0mai partout en France et le 17\u00a0mai au parc floral de Paris<\/strong>\u00a0\u00bb, explique Yves-Olivier Lenormand, responsable du club de la Loire-Atlantique des \u00ab\u00a0Entreprises s\u2019engagent\u00a0\u00bb.<\/p>\n<p>Un \u00e9v\u00e9nement in\u00e9dit au mus\u00e9e d\u2019arts de Nantes<\/p>\n<p>L\u2019originalit\u00e9 de cette initiative tient au lieu o\u00f9 elle est programm\u00e9e. C\u2019est en effet dans le mus\u00e9e d\u2019arts de Nantes que ce job dating a pr\u00e9vu de se d\u00e9rouler. Les participants pourront ainsi, entre 17 et 19\u00a0heures, visiter gratuitement le mus\u00e9e et notamment l\u2019exposition temporaire <a href=\"https:\/\/nantes.maville.com\/actu\/actudet_-de-l-art-optique-a-l-art-numerique-au-musee-d-arts-de-nantes-_52716-6748489_actu.Htm\" target=\"_self\" rel=\"nofollow noopener\">\u00ab\u00a0Electric OP, de l\u2019art optique au num\u00e9rique\u00a0\u00bb.<\/a><\/p>\n<p>? \u00c0 noter. <a href=\"https:\/\/www.girpeh-asso.fr\/jobdating-au-musee-darts-de-nantes\/\" target=\"_self\" rel=\"nofollow noopener\">Information et inscriptions des candidats<\/a> <\/p>\n<p>\u00a0<\/p>\n","protected":false},"excerpt":{"rendered":"En partenariat avec France Travail et avec de nombreux acteurs publics, les clubs Loire-Atlantique et Nantes M\u00e9tropole du&hellip;\n","protected":false},"author":2,"featured_media":93729,"comment_status":"","ping_status":"","sticky":false,"template":"","format":"standard","meta":{"footnotes":""},"categories":[2818],"tags":[1111,11,1348,341,1777,674,1011,27,20625,3133,3048,766,12,20626,2636,25,6689,5426,13586,14560,9693],"class_list":{"0":"post-93728","1":"post","2":"type-post","3":"status-publish","4":"format-standard","5":"has-post-thumbnail","7":"category-nantes","8":"tag-actu","9":"tag-actualites","10":"tag-arts","11":"tag-emploi","12":"tag-eu","13":"tag-europe","14":"tag-fr","15":"tag-france","16":"tag-initiative","17":"tag-meme","18":"tag-musee","19":"tag-nantes","20":"tag-news","21":"tag-originale","22":"tag-pays-de-la-loire","23":"tag-republique-francaise","24":"tag-roche","25":"tag-temps","26":"tag-trouver","27":"tag-visiter","28":"tag-yon"},"share_on_mastodon":{"url":"https:\/\/pubeurope.com\/@fr\/114493831483433760","error":""},"_links":{"self":[{"href":"https:\/\/www.europesays.com\/fr\/wp-json\/wp\/v2\/posts\/93728","targetHints":{"allow":["GET"]}}],"collection":[{"href":"https:\/\/www.europesays.com\/fr\/wp-json\/wp\/v2\/posts"}],"about":[{"href":"https:\/\/www.europesays.com\/fr\/wp-json\/wp\/v2\/types\/post"}],"author":[{"embeddable":true,"href":"https:\/\/www.europesays.com\/fr\/wp-json\/wp\/v2\/users\/2"}],"replies":[{"embeddable":true,"href":"https:\/\/www.europesays.com\/fr\/wp-json\/wp\/v2\/comments?post=93728"}],"version-history":[{"count":0,"href":"https:\/\/www.europesays.com\/fr\/wp-json\/wp\/v2\/posts\/93728\/revisions"}],"wp:featuredmedia":[{"embeddable":true,"href":"https:\/\/www.europesays.com\/fr\/wp-json\/wp\/v2\/media\/93729"}],"wp:attachment":[{"href":"https:\/\/www.europesays.com\/fr\/wp-json\/wp\/v2\/media?parent=93728"}],"wp:term":[{"taxonomy":"category","embeddable":true,"href":"https:\/\/www.europesays.com\/fr\/wp-json\/wp\/v2\/categories?post=93728"},{"taxonomy":"post_tag","embeddable":true,"href":"https:\/\/www.europesays.com\/fr\/wp-json\/wp\/v2\/tags?post=93728"}],"curies":[{"name":"wp","href":"https:\/\/api.w.org\/{rel}","templated":true}]}}