{"id":93739,"date":"2025-05-12T08:11:07","date_gmt":"2025-05-12T08:11:07","guid":{"rendered":"https:\/\/www.europesays.com\/fr\/93739\/"},"modified":"2025-05-12T08:11:07","modified_gmt":"2025-05-12T08:11:07","slug":"gros-bouchon-a-la-sortie-de-lille-apres-un-accident-impliquant-un-poids-lourd","status":"publish","type":"post","link":"https:\/\/www.europesays.com\/fr\/93739\/","title":{"rendered":"gros bouchon \u00e0 la sortie de Lille apr\u00e8s un accident impliquant un poids lourd"},"content":{"rendered":"<p>            Par<br \/>\n        <strong><br \/>\n            <a href=\"https:\/\/actu.fr\/auteur\/nicolas-demollien\" title=\"Consulter tous les articles de Nicolas Demollien\" target=\"_blank\" rel=\"noopener\">Nicolas Demollien<\/a><br \/>\n        <\/strong><\/p>\n<p>        Publi\u00e9 le<\/p>\n<p>            12 mai 2025 \u00e0 9h20<br \/>\n        ; mis \u00e0 jour le 12 mai 2025 \u00e0 10h03    <\/p>\n<p>Prudence sur l\u2019<a href=\"https:\/\/actu.fr\/tag\/autoroute-1-a1\" target=\"_blank\" rel=\"noopener\">autoroute A1<\/a> ce lundi 12 mai 2025. Un <b>gros bouchon s\u2019\u00e9tait form\u00e9<\/b> en d\u00e9but de matin\u00e9e sur l\u2019axe, \u00e0 la sortie de <a href=\"https:\/\/actu.fr\/hauts-de-france\/lille_59350\" target=\"_blank\" rel=\"noopener\">Lille<\/a> (Nord), en raison d\u2019un <a href=\"https:\/\/actu.fr\/tag\/accident\" target=\"_blank\" rel=\"noopener\">accident<\/a> <b>impliquant notamment un poids lour<\/b>d.<\/p>\n<p>Gros bouchon sur l\u2019autoroute A1, \u00e0 la sortie de Lille<\/p>\n<p class=\" wall-content\">Plus pr\u00e9cis\u00e9ment, l\u2019accident s\u2019est produit \u00e0 la hauteur de <a href=\"https:\/\/actu.fr\/hauts-de-france\/lesquin_59343\" target=\"_blank\" rel=\"noopener\">Lesquin<\/a>, dans le <b>sens Lille \u2013 Paris<\/b>. Il implique trois v\u00e9hicules : un fourgon, une voiture et un poids lourd. \u00ab\u00a0La <b>voie de gauche et la voie m\u00e9diane sont neutralis\u00e9es<\/b>\u00ab\u00a0, pr\u00e9cise-t-on du c\u00f4t\u00e9 de la pr\u00e9fecture.<\/p>\n<p class=\" wall-content\">Peu apr\u00e8s 9h, un bouchon de 4 kilom\u00e8tres, en augmentation, s\u2019\u00e9tait form\u00e9 en amont de cet accident. Les autorit\u00e9s recommandaient alors \u00ab\u00a0d\u2019\u00e9viter le secteur\u00a0\u00bb. Aux alentours de 9h40, les voies ont finalement pu \u00eatre lib\u00e9r\u00e9es.<\/p>\n<p class=\" wall-content\">Suivez toute l\u2019actualit\u00e9 de vos villes et m\u00e9dias favoris en vous inscrivant \u00e0 <a href=\"https:\/\/moncompte.actu.fr\" title=\"D\u00e9couvez Mon Actu\" rel=\"nofollow noopener\" data-trk=\"{&quot;cta&quot;:{&quot;action&quot;:&quot;https:\\\/\\\/moncompte.actu.fr&quot;,&quot;category&quot;:&quot;mon compte&quot;,&quot;from&quot;:&quot;article footer&quot;,&quot;name&quot;:&quot;Mon actu&quot;,&quot;type&quot;:&quot;cta&quot;}}\" target=\"_blank\">Mon Actu<\/a>.<\/p>\n","protected":false},"excerpt":{"rendered":"Par Nicolas Demollien Publi\u00e9 le 12 mai 2025 \u00e0 9h20 ; mis \u00e0 jour le 12 mai 2025&hellip;\n","protected":false},"author":2,"featured_media":93740,"comment_status":"","ping_status":"","sticky":false,"template":"","format":"standard","meta":{"footnotes":""},"categories":[2815],"tags":[119,1111,11,9904,3542,1777,674,1011,27,811,1307,12,25,104],"class_list":{"0":"post-93739","1":"post","2":"type-post","3":"status-publish","4":"format-standard","5":"has-post-thumbnail","7":"category-lille","8":"tag-accident","9":"tag-actu","10":"tag-actualites","11":"tag-autoroute-1-a1","12":"tag-circulation","13":"tag-eu","14":"tag-europe","15":"tag-fr","16":"tag-france","17":"tag-hauts-de-france","18":"tag-lille","19":"tag-news","20":"tag-republique-francaise","21":"tag-societe"},"share_on_mastodon":{"url":"https:\/\/pubeurope.com\/@fr\/114493855069798720","error":""},"_links":{"self":[{"href":"https:\/\/www.europesays.com\/fr\/wp-json\/wp\/v2\/posts\/93739","targetHints":{"allow":["GET"]}}],"collection":[{"href":"https:\/\/www.europesays.com\/fr\/wp-json\/wp\/v2\/posts"}],"about":[{"href":"https:\/\/www.europesays.com\/fr\/wp-json\/wp\/v2\/types\/post"}],"author":[{"embeddable":true,"href":"https:\/\/www.europesays.com\/fr\/wp-json\/wp\/v2\/users\/2"}],"replies":[{"embeddable":true,"href":"https:\/\/www.europesays.com\/fr\/wp-json\/wp\/v2\/comments?post=93739"}],"version-history":[{"count":0,"href":"https:\/\/www.europesays.com\/fr\/wp-json\/wp\/v2\/posts\/93739\/revisions"}],"wp:featuredmedia":[{"embeddable":true,"href":"https:\/\/www.europesays.com\/fr\/wp-json\/wp\/v2\/media\/93740"}],"wp:attachment":[{"href":"https:\/\/www.europesays.com\/fr\/wp-json\/wp\/v2\/media?parent=93739"}],"wp:term":[{"taxonomy":"category","embeddable":true,"href":"https:\/\/www.europesays.com\/fr\/wp-json\/wp\/v2\/categories?post=93739"},{"taxonomy":"post_tag","embeddable":true,"href":"https:\/\/www.europesays.com\/fr\/wp-json\/wp\/v2\/tags?post=93739"}],"curies":[{"name":"wp","href":"https:\/\/api.w.org\/{rel}","templated":true}]}}