{"id":93743,"date":"2025-05-12T08:13:09","date_gmt":"2025-05-12T08:13:09","guid":{"rendered":"https:\/\/www.europesays.com\/fr\/93743\/"},"modified":"2025-05-12T08:13:09","modified_gmt":"2025-05-12T08:13:09","slug":"noailles-entrevoit-des-jours-meilleurs","status":"publish","type":"post","link":"https:\/\/www.europesays.com\/fr\/93743\/","title":{"rendered":"Noailles entrevoit des jours meilleurs"},"content":{"rendered":"<p>Bigarr\u00e9, populaire, bouillonnant\u2026 Rarement quartier suscite autant de r\u00e9actions contrast\u00e9es que celui de Noailles (1er). Ador\u00e9 ou rejet\u00e9, le secteur concentre sur un p\u00e9rim\u00e8tre restreint entre le cours Lieutaud, la Canebi\u00e8re, les rues Estelle et Saint-F\u00e9, tous les d\u00e9lices m\u00e9diterran\u00e9ens, africains, orientaux et asiatiques, lui valant le surnom de \u00ab\u00a0ventre de Marseille\u00a0\u00bb\u2026 Mais aussi toutes les probl\u00e9matiques de la ville\u00a0: <a href=\"https:\/\/www.laprovence.com\/article\/societe\/1098812579139515\/marseille-noailles-le-quartier-pauvre-devenu-un-incontournable-touristique\" target=\"_blank\" rel=\"noopener\">cohabitation d\u2019habitants et de touristes,<\/a> d\u2019enseignes bobos et de magasins de d\u00e9stockage, habitat insalubre et d\u00e9veloppement des meubl\u00e9s de tourisme, gestion des d\u00e9chets, carence d\u2019espaces verts, ins\u00e9curit\u00e9\u2026<\/p>\n","protected":false},"excerpt":{"rendered":"Bigarr\u00e9, populaire, bouillonnant\u2026 Rarement quartier suscite autant de r\u00e9actions contrast\u00e9es que celui de Noailles (1er). Ador\u00e9 ou rejet\u00e9,&hellip;\n","protected":false},"author":2,"featured_media":93744,"comment_status":"","ping_status":"","sticky":false,"template":"","format":"standard","meta":{"footnotes":""},"categories":[2814],"tags":[20627,17,1111,11,1446,20628,1777,674,1011,27,151,884,12,6425,882,5116,25,104],"class_list":{"0":"post-93743","1":"post","2":"type-post","3":"status-publish","4":"format-standard","5":"has-post-thumbnail","7":"category-marseille","8":"tag-20627","9":"tag-17","10":"tag-actu","11":"tag-actualites","12":"tag-dans","13":"tag-entrevoit","14":"tag-eu","15":"tag-europe","16":"tag-fr","17":"tag-france","18":"tag-les","19":"tag-marseille","20":"tag-news","21":"tag-noailles","22":"tag-provence-alpes-cote-dazur","23":"tag-quartiers","24":"tag-republique-francaise","25":"tag-societe"},"share_on_mastodon":{"url":"https:\/\/pubeurope.com\/@fr\/114493863136294367","error":""},"_links":{"self":[{"href":"https:\/\/www.europesays.com\/fr\/wp-json\/wp\/v2\/posts\/93743","targetHints":{"allow":["GET"]}}],"collection":[{"href":"https:\/\/www.europesays.com\/fr\/wp-json\/wp\/v2\/posts"}],"about":[{"href":"https:\/\/www.europesays.com\/fr\/wp-json\/wp\/v2\/types\/post"}],"author":[{"embeddable":true,"href":"https:\/\/www.europesays.com\/fr\/wp-json\/wp\/v2\/users\/2"}],"replies":[{"embeddable":true,"href":"https:\/\/www.europesays.com\/fr\/wp-json\/wp\/v2\/comments?post=93743"}],"version-history":[{"count":0,"href":"https:\/\/www.europesays.com\/fr\/wp-json\/wp\/v2\/posts\/93743\/revisions"}],"wp:featuredmedia":[{"embeddable":true,"href":"https:\/\/www.europesays.com\/fr\/wp-json\/wp\/v2\/media\/93744"}],"wp:attachment":[{"href":"https:\/\/www.europesays.com\/fr\/wp-json\/wp\/v2\/media?parent=93743"}],"wp:term":[{"taxonomy":"category","embeddable":true,"href":"https:\/\/www.europesays.com\/fr\/wp-json\/wp\/v2\/categories?post=93743"},{"taxonomy":"post_tag","embeddable":true,"href":"https:\/\/www.europesays.com\/fr\/wp-json\/wp\/v2\/tags?post=93743"}],"curies":[{"name":"wp","href":"https:\/\/api.w.org\/{rel}","templated":true}]}}