{"id":93745,"date":"2025-05-12T08:14:14","date_gmt":"2025-05-12T08:14:14","guid":{"rendered":"https:\/\/www.europesays.com\/fr\/93745\/"},"modified":"2025-05-12T08:14:14","modified_gmt":"2025-05-12T08:14:14","slug":"un-an-de-succes-et-plus-de-250-000-visiteurs","status":"publish","type":"post","link":"https:\/\/www.europesays.com\/fr\/93745\/","title":{"rendered":"un an de succ\u00e8s et plus de 250 000 visiteurs"},"content":{"rendered":"<p>Depuis son ouverture au public, la Citadelle de Marseille conna\u00eet un engouement croissant, attirant Marseillais et touristes. Class\u00e9e monument historique depuis 1969, le site a accueilli plus de 250 000 visiteurs en 2024. Entre ses jardins accessibles gratuitement, ses visites guid\u00e9es du fort Saint-Nicolas et sa vue imprenable, il s\u00e9duit tous ceux qui le d\u00e9couvrent.<\/p>\n<p class=\"\" data-start=\"546\" data-end=\"590\"><strong data-start=\"546\" data-end=\"590\"><\/strong><\/p>\n<p class=\"\" data-start=\"546\" data-end=\"590\">\u00a0<\/p>\n<p class=\"\" data-start=\"546\" data-end=\"590\"><strong data-start=\"546\" data-end=\"590\">Une exp\u00e9rience unique pour les visiteurs<\/strong><\/p>\n<p class=\"\" data-start=\"592\" data-end=\"944\">Les visiteurs sont imm\u00e9diatement s\u00e9duits par la vue spectaculaire qu\u2019offre <a href=\"https:\/\/maritima.fr\/actualites\/societe\/marseille\/1277\/360-ans-apres-le-fort-saint-nicolas-a-marseille-ouvre-ses-portes-au-grand-public\" target=\"_blank\" rel=\"noopener\">la Citadelle<\/a>, mais l\u2019int\u00e9rieur du site n\u2019est pas moins impressionnant. Pour Anne-Marie, r\u00e9sidente marseillaise, la vue surplombant le Vieux-Port est un vrai spectacle. \u00ab\u00a0<a href=\"https:\/\/maritima.fr\/actualites\/culture\/marseille\/1336\/marseille-360-ans-apres-le-fort-saint-nicolas-ouvre-ses-portes-au-public\" target=\"_blank\" rel=\"noopener\">C\u2019est tout nouveau<\/a>, c\u2019est int\u00e9ressant, mais on n\u2019y croit pas !\u00a0\u00bb raconte-t-elle, \u00e9merveill\u00e9e \u00e0 chaque visite.<\/p>\n<p class=\"\" data-start=\"946\" data-end=\"1157\">Pour Paul, un Aixois en visite, c\u2019est l\u2019architecture et l\u2019histoire du fort qui captivent le plus : \u00ab\u00a0La vue notamment qu&rsquo;on a sur Marseille et tout le c\u00f4t\u00e9 architecture et historique, c&rsquo;est vraiment int\u00e9ressant.\u00a0\u00bb<\/p>\n<p class=\"\" data-start=\"946\" data-end=\"1157\">\u00a0<\/p>\n<p class=\"\" data-start=\"1159\" data-end=\"1188\"><strong data-start=\"1159\" data-end=\"1188\">Un lieu charg\u00e9 d\u2019histoire<\/strong><\/p>\n<p class=\"\" data-start=\"1159\" data-end=\"1188\">\u00a0<\/p>\n<p class=\"\" data-start=\"1190\" data-end=\"1593\">Construit en 1660 sur ordre de Louis XIV pour contr\u00f4ler la ville, le fort Saint-Nicolas s\u2019\u00e9tend sur six terrains de football et a \u00e9t\u00e9 \u00e9rig\u00e9 en quatre ans sur un \u00e9peron rocheux. Le fort adopte un plan bastionn\u00e9 en \u00e9toile et se compose de deux parties distinctes : un haut fort, la citadelle Saint-Nicolas, et un bas-fort, chacun jouant un r\u00f4le strat\u00e9gique dans la d\u00e9fense maritime et urbaine de la ville.<\/p>\n<p class=\"\" data-start=\"1190\" data-end=\"1593\">\u00a0<\/p>\n<p class=\"\" data-start=\"1595\" data-end=\"1642\"><strong data-start=\"1595\" data-end=\"1642\">Le calme et la restauration au c\u0153ur du site<\/strong><\/p>\n<p class=\"\" data-start=\"1595\" data-end=\"1642\">\u00a0<\/p>\n<p class=\"\" data-start=\"1644\" data-end=\"1892\">Paula Pinna, m\u00e9diatrice culturelle, met en lumi\u00e8re le calme qui r\u00e8gne sur le site. \u00ab\u00a0La 1\u00e8re sensation qu\u2019on a ici, c\u2019est le calme, le silence, et c\u2019est gr\u00e2ce \u00e0 la structure\u00a0\u00bb, explique-t-elle, soulignant l\u2019aspect apaisant du fort et de ses environs.<\/p>\n<p class=\"\" data-start=\"1894\" data-end=\"2158\">Si la visite du Fort Saint-Nicolas est payante (12 euros), les jardins, eux, sont ouverts gratuitement. Les visiteurs peuvent se d\u00e9tendre et se restaurer \u00e0 la guinguette du Fort, un espace convivial qui fait aussi partie de l\u2019exp\u00e9rience unique offerte par le site.<\/p>\n<p class=\"\" data-start=\"1894\" data-end=\"2158\">\u00a0<\/p>\n<p class=\"\" data-start=\"2160\" data-end=\"2192\"><strong data-start=\"2160\" data-end=\"2192\">Un lieu accessible et engag\u00e9<\/strong><\/p>\n<p class=\"\" data-start=\"2160\" data-end=\"2192\">\u00a0<\/p>\n<p class=\"\" data-start=\"2194\" data-end=\"2498\">En plus de pr\u00e9server son patrimoine, la Citadelle soutient des chantiers d\u2019insertion, contribuant ainsi \u00e0 l\u2019insertion professionnelle de nombreux individus. Tout au long de l\u2019ann\u00e9e, le site organise \u00e9galement des festivit\u00e9s, offrant un large \u00e9ventail d\u2019activit\u00e9s pour enrichir l\u2019exp\u00e9rience des visiteurs.<\/p>\n<p class=\"\" data-start=\"2500\" data-end=\"2658\">Les jardins sont ouverts de 12h \u00e0 22h, du mercredi au dimanche, et continuent d\u2019attirer un public fid\u00e8le, ravi de d\u00e9couvrir ce lieu embl\u00e9matique de Marseille.<\/p>\n","protected":false},"excerpt":{"rendered":"Depuis son ouverture au public, la Citadelle de Marseille conna\u00eet un engouement croissant, attirant Marseillais et touristes. Class\u00e9e&hellip;\n","protected":false},"author":2,"featured_media":93746,"comment_status":"","ping_status":"","sticky":false,"template":"","format":"standard","meta":{"footnotes":""},"categories":[2814],"tags":[1111,11,4556,1777,674,1011,27,884,12,882,25],"class_list":{"0":"post-93745","1":"post","2":"type-post","3":"status-publish","4":"format-standard","5":"has-post-thumbnail","7":"category-marseille","8":"tag-actu","9":"tag-actualites","10":"tag-citadelle","11":"tag-eu","12":"tag-europe","13":"tag-fr","14":"tag-france","15":"tag-marseille","16":"tag-news","17":"tag-provence-alpes-cote-dazur","18":"tag-republique-francaise"},"share_on_mastodon":{"url":"https:\/\/pubeurope.com\/@fr\/114493866868505501","error":""},"_links":{"self":[{"href":"https:\/\/www.europesays.com\/fr\/wp-json\/wp\/v2\/posts\/93745","targetHints":{"allow":["GET"]}}],"collection":[{"href":"https:\/\/www.europesays.com\/fr\/wp-json\/wp\/v2\/posts"}],"about":[{"href":"https:\/\/www.europesays.com\/fr\/wp-json\/wp\/v2\/types\/post"}],"author":[{"embeddable":true,"href":"https:\/\/www.europesays.com\/fr\/wp-json\/wp\/v2\/users\/2"}],"replies":[{"embeddable":true,"href":"https:\/\/www.europesays.com\/fr\/wp-json\/wp\/v2\/comments?post=93745"}],"version-history":[{"count":0,"href":"https:\/\/www.europesays.com\/fr\/wp-json\/wp\/v2\/posts\/93745\/revisions"}],"wp:featuredmedia":[{"embeddable":true,"href":"https:\/\/www.europesays.com\/fr\/wp-json\/wp\/v2\/media\/93746"}],"wp:attachment":[{"href":"https:\/\/www.europesays.com\/fr\/wp-json\/wp\/v2\/media?parent=93745"}],"wp:term":[{"taxonomy":"category","embeddable":true,"href":"https:\/\/www.europesays.com\/fr\/wp-json\/wp\/v2\/categories?post=93745"},{"taxonomy":"post_tag","embeddable":true,"href":"https:\/\/www.europesays.com\/fr\/wp-json\/wp\/v2\/tags?post=93745"}],"curies":[{"name":"wp","href":"https:\/\/api.w.org\/{rel}","templated":true}]}}