{"id":93760,"date":"2025-05-12T08:22:09","date_gmt":"2025-05-12T08:22:09","guid":{"rendered":"https:\/\/www.europesays.com\/fr\/93760\/"},"modified":"2025-05-12T08:22:09","modified_gmt":"2025-05-12T08:22:09","slug":"benjamin-biolay-de-retour-avec-un-nouveau-titre-adieu-paris","status":"publish","type":"post","link":"https:\/\/www.europesays.com\/fr\/93760\/","title":{"rendered":"Benjamin Biolay de retour avec un nouveau titre : \u00ab\u00a0Adieu Paris\u00a0\u00bb"},"content":{"rendered":"<p class=\"article-p mdl\">Benjamin Biolay est de retour en musique. Il a d\u00e9voil\u00e9, ce dimanche 11 mai, une nouvelle chanson, premier extrait de son prochain album qui sortira en octobre. L&rsquo;automne dernier marqu\u00e9 par cette pluie incessante, sans doute le plus arros\u00e9 depuis des d\u00e9cennies, notamment en \u00cele-de-France, a donn\u00e9 envie \u00e0 Benjamin Biolay de fuir. Sa nouvelle chanson s&rsquo;appelle Adieu Paris : un voyage vers le soleil, entre la France et l&rsquo;Am\u00e9rique du Sud.<\/p>\n<p class=\"article-p mdl\">Ce premier titre, envoy\u00e9 en \u00e9claireur, est une premi\u00e8re saveur mais ne repr\u00e9sente pas la couleur globale du <strong>double album qui arrive pour la fin octobre<\/strong>. Il aura pour titre Le disque bleu, avec un principe simple : <strong>deux\u00a0faces, deux ambiances diff\u00e9rentes<\/strong>. Adieu Paris sera en ouverture de la deuxi\u00e8me face.<\/p>\n<p class=\"article-p mdl\">En 2009,\u00a0<a class=\"link\" href=\"https:\/\/www.rtl.fr\/culture\/musique\/benjamin-biolay-sur-rtl-le-printemps-de-bourges-sa-fille-le-foot-le-chanteur-se-confie-7900257674\" title=\"Benjamin Biolay sur RTL : le Printemps de Bourges, sa fille, le foot... Le chanteur se confie\" rel=\"nofollow noopener\" target=\"_blank\">Benjamin Biolay<\/a>\u00a0avait sorti un double album masterpiece La Superbe, sorti en 2009, qui \u00e9tait aussi un double album et qui lui avait valu deux Victoires de la musique. <strong>Le disque bleu sera un peu son h\u00e9ritier<\/strong> :\u00a0<\/p>\n<p>un projet ambitieux,\u00a0foisonnant, intense, riche et vari\u00e9.<\/p>\n<\/p>\n<p class=\"article-p mdl\">Benjamin Biolay a travaill\u00e9 sur cet album pendant deux ans et en a fait <strong>une super-production<\/strong>. Il a pu collaborer avec des pointures de la musique, notamment un des plus grands percussionnistes br\u00e9siliens, d&rsquo;o\u00f9 les airs de bossanova de ce premier single. Les chansons ont \u00e9t\u00e9 enregistr\u00e9es entre Paris, Bruxelles, Buenos Aires et Rio de Janeiro.<\/p>\n<p class=\"article-p mdl\">Ce retour avec un album n&rsquo;est que <strong>la premi\u00e8re pierre d&rsquo;une ann\u00e9e riche<\/strong> pour le chanteur, toujours prolifique : il est le metteur en son du dernier disque de\u00a0<a class=\"link\" href=\"https:\/\/www.rtl.fr\/culture\/musique\/il-y-a-eu-une-alchimie-julien-clerc-et-jeanne-cherhal-se-confient-sur-la-jeune-fille-en-feu-7900005274\" title=\"&quot;Il y a eu une alchimie&quot; : Julien Clerc et Jeanne Cherhal se confient sur &quot;La jeune fille en feu&quot;\" rel=\"nofollow noopener\" target=\"_blank\">Jeanne Cherhal<\/a>, intitul\u00e9 Jeanne, et qui est sorti le 4 avril dernier. Il a r\u00e9alis\u00e9 le prochain album de\u00a0<a class=\"link\" href=\"https:\/\/www.rtl.fr\/culture\/musique\/julien-clerc-devoile-une-chanson-hommage-a-agnes-lassalle-7900490881\" title=\"&quot;Les Parvis&quot; : Julien Clerc d\u00e9voile une chanson hommage \u00e0 Agn\u00e8s Lassalle\" rel=\"nofollow noopener\" target=\"_blank\">Julien Clerc<\/a>, Une vie, qui sortira le 23 mai. Enfin, apr\u00e8s la sortie de son album, <strong>Benjamin Biolay repartira en tourn\u00e9e<\/strong> fin novembre, un mois apr\u00e8s la sortie de son disque bleu.<\/p>\n<p>    La r\u00e9daction vous recommande<\/p>\n<p class=\"s-newsletter__title\">\n                L\u2019actualit\u00e9 par la r\u00e9daction de RTL dans votre bo\u00eete mail.\n            <\/p>\n<p class=\"s-newsletter__subtitle\">\n                Gr\u00e2ce \u00e0 votre compte RTL abonnez-vous \u00e0 la newsletter RTL info pour suivre toute l&rsquo;actualit\u00e9 au quotidien\n            <\/p>\n<p>\n                                    Lire la suite\n                                <\/p>\n","protected":false},"excerpt":{"rendered":"Benjamin Biolay est de retour en musique. Il a d\u00e9voil\u00e9, ce dimanche 11 mai, une nouvelle chanson, premier&hellip;\n","protected":false},"author":2,"featured_media":93761,"comment_status":"","ping_status":"","sticky":false,"template":"","format":"standard","meta":{"footnotes":""},"categories":[1888],"tags":[11,7036,1695,1777,674,2414,107,1011,27,873,12,626,25],"class_list":{"0":"post-93760","1":"post","2":"type-post","3":"status-publish","4":"format-standard","5":"has-post-thumbnail","7":"category-paris","8":"tag-actualites","9":"tag-benjamin-biolay","10":"tag-chanson","11":"tag-eu","12":"tag-europe","13":"tag-fil-culture","14":"tag-fil-info","15":"tag-fr","16":"tag-france","17":"tag-musique","18":"tag-news","19":"tag-paris","20":"tag-republique-francaise"},"share_on_mastodon":{"url":"https:\/\/pubeurope.com\/@fr\/114493898355151857","error":""},"_links":{"self":[{"href":"https:\/\/www.europesays.com\/fr\/wp-json\/wp\/v2\/posts\/93760","targetHints":{"allow":["GET"]}}],"collection":[{"href":"https:\/\/www.europesays.com\/fr\/wp-json\/wp\/v2\/posts"}],"about":[{"href":"https:\/\/www.europesays.com\/fr\/wp-json\/wp\/v2\/types\/post"}],"author":[{"embeddable":true,"href":"https:\/\/www.europesays.com\/fr\/wp-json\/wp\/v2\/users\/2"}],"replies":[{"embeddable":true,"href":"https:\/\/www.europesays.com\/fr\/wp-json\/wp\/v2\/comments?post=93760"}],"version-history":[{"count":0,"href":"https:\/\/www.europesays.com\/fr\/wp-json\/wp\/v2\/posts\/93760\/revisions"}],"wp:featuredmedia":[{"embeddable":true,"href":"https:\/\/www.europesays.com\/fr\/wp-json\/wp\/v2\/media\/93761"}],"wp:attachment":[{"href":"https:\/\/www.europesays.com\/fr\/wp-json\/wp\/v2\/media?parent=93760"}],"wp:term":[{"taxonomy":"category","embeddable":true,"href":"https:\/\/www.europesays.com\/fr\/wp-json\/wp\/v2\/categories?post=93760"},{"taxonomy":"post_tag","embeddable":true,"href":"https:\/\/www.europesays.com\/fr\/wp-json\/wp\/v2\/tags?post=93760"}],"curies":[{"name":"wp","href":"https:\/\/api.w.org\/{rel}","templated":true}]}}