{"id":93767,"date":"2025-05-12T08:26:09","date_gmt":"2025-05-12T08:26:09","guid":{"rendered":"https:\/\/www.europesays.com\/fr\/93767\/"},"modified":"2025-05-12T08:26:09","modified_gmt":"2025-05-12T08:26:09","slug":"cette-photo-du-prince-george-serait-lune-des-raisons-qui-a-pousse-meghan-et-harry-a-quitter-definitivement-le-royaume-uni-et-les-windsor","status":"publish","type":"post","link":"https:\/\/www.europesays.com\/fr\/93767\/","title":{"rendered":"Cette photo du prince George serait l&rsquo;une des raisons qui a pouss\u00e9 Meghan et Harry \u00e0 quitter d\u00e9finitivement le Royaume-Uni et les Windsor"},"content":{"rendered":"<p class=\"ap-StoryElement ap-StoryElement--mb ap-StoryText\">Cela fait pr\u00e8s de cinq ans que le prince Harry et son \u00e9pouse Meghan Markle ont quitt\u00e9 le Royaume-Uni et leurs obligations princi\u00e8res, pour rejoindre les \u00c9tats-Unis et y mener leur vie en toute ind\u00e9pendance de la Couronne. Ce d\u00e9part a \u00e9t\u00e9 dict\u00e9 par les nombreuses tensions qui existaient entre le couple et le reste des Windsor (et qui persistent encore aujourd&rsquo;hui). Mais un \u00e9l\u00e9ment en particulier aurait mis le feu aux poudres.<\/p>\n<p class=\"ap-StoryElement ap-StoryElement--mb ap-StoryText\">D&rsquo;apr\u00e8s Andrew Morton, qui a \u00e9crit le livre Meghan : A Hollywood Princess, une photo bien sp\u00e9ciale aurait permis au couple de Sussex de prendre leur d\u00e9cision de s&rsquo;envoler vers la Californie. Comme le relaye The Mirror, Harry et Meghan auraient interpr\u00e9t\u00e9 ce clich\u00e9 comme un message subtil de la part de leur famille, une mani\u00e8re de leur signifier qu&rsquo;ils n&rsquo;avaient pas besoin d&rsquo;eux. La photo rassemble en effet quatre g\u00e9n\u00e9rations d&rsquo;h\u00e9ritiers royaux : la reine Elizabeth II, Charles, qui \u00e9tait alors encore prince de Galles, William, et George, \u00e2g\u00e9 \u00e0 l&rsquo;\u00e9poque de six ans.<\/p>\n","protected":false},"excerpt":{"rendered":"Cela fait pr\u00e8s de cinq ans que le prince Harry et son \u00e9pouse Meghan Markle ont quitt\u00e9 le&hellip;\n","protected":false},"author":2,"featured_media":93768,"comment_status":"","ping_status":"","sticky":false,"template":"","format":"standard","meta":{"footnotes":""},"categories":[1588],"tags":[11,1777,674,908,12,473,1853,1851,1850,1852],"class_list":{"0":"post-93767","1":"post","2":"type-post","3":"status-publish","4":"format-standard","5":"has-post-thumbnail","7":"category-royaume-uni","8":"tag-actualites","9":"tag-eu","10":"tag-europe","11":"tag-meghan-markle","12":"tag-news","13":"tag-royaume-uni","14":"tag-royaume-uni-de-grande-bretagne-et-dirlande-du-nord","15":"tag-uk","16":"tag-united-kingdom","17":"tag-united-kingdom-of-great-britain-and-northern-ireland"},"share_on_mastodon":{"url":"https:\/\/pubeurope.com\/@fr\/114493914056395800","error":""},"_links":{"self":[{"href":"https:\/\/www.europesays.com\/fr\/wp-json\/wp\/v2\/posts\/93767","targetHints":{"allow":["GET"]}}],"collection":[{"href":"https:\/\/www.europesays.com\/fr\/wp-json\/wp\/v2\/posts"}],"about":[{"href":"https:\/\/www.europesays.com\/fr\/wp-json\/wp\/v2\/types\/post"}],"author":[{"embeddable":true,"href":"https:\/\/www.europesays.com\/fr\/wp-json\/wp\/v2\/users\/2"}],"replies":[{"embeddable":true,"href":"https:\/\/www.europesays.com\/fr\/wp-json\/wp\/v2\/comments?post=93767"}],"version-history":[{"count":0,"href":"https:\/\/www.europesays.com\/fr\/wp-json\/wp\/v2\/posts\/93767\/revisions"}],"wp:featuredmedia":[{"embeddable":true,"href":"https:\/\/www.europesays.com\/fr\/wp-json\/wp\/v2\/media\/93768"}],"wp:attachment":[{"href":"https:\/\/www.europesays.com\/fr\/wp-json\/wp\/v2\/media?parent=93767"}],"wp:term":[{"taxonomy":"category","embeddable":true,"href":"https:\/\/www.europesays.com\/fr\/wp-json\/wp\/v2\/categories?post=93767"},{"taxonomy":"post_tag","embeddable":true,"href":"https:\/\/www.europesays.com\/fr\/wp-json\/wp\/v2\/tags?post=93767"}],"curies":[{"name":"wp","href":"https:\/\/api.w.org\/{rel}","templated":true}]}}