{"id":93769,"date":"2025-05-12T08:27:12","date_gmt":"2025-05-12T08:27:12","guid":{"rendered":"https:\/\/www.europesays.com\/fr\/93769\/"},"modified":"2025-05-12T08:27:12","modified_gmt":"2025-05-12T08:27:12","slug":"manifestations-en-allemagne-pour-linterdiction-de-lafd-un-parti-dextreme-droite","status":"publish","type":"post","link":"https:\/\/www.europesays.com\/fr\/93769\/","title":{"rendered":"Manifestations en Allemagne pour l&rsquo;interdiction de l&rsquo;AfD, un parti d&rsquo;extr\u00eame droite"},"content":{"rendered":"<p>\t\t\tDes milliers de personnes ont investi les rues dans plusieurs villes allemandes pour r\u00e9clamer l\u2019interdiction du parti d\u2019extr\u00eame droite, \u00ab\u00a0Alternative pour l\u2019Allemagne\u00a0\u00bb (AfD), pourtant 2e force politique du pays apr\u00e8s les L\u00e9gislatives de f\u00e9vrier dernier.<\/p>\n<p style=\"text-align: justify;\">Les manifestants se sont rassembl\u00e9s dans plus de 60 villes, dont la capitale Berlin, Munich, Cologne et Hambourg, \u00e0 l\u2019appel du r\u00e9seau associatif \u00ab\u00a0Zusammen gegen Rechts\u00a0\u00bb (Ensemble contre la droite), qui estime que \u00ab\u00a0l\u2019AfD n\u2019est pas un parti normal et ne doit pas \u00eatre trait\u00e9 comme tel. Il est maintenant temps d\u2019examiner s\u00e9rieusement l\u2019interdiction du parti\u00a0\u00bb.<\/p>\n<p style=\"text-align: justify;\">L\u2019AfD a \u00e9t\u00e9 class\u00e9e par l\u2019Office f\u00e9d\u00e9ral de protection de la Constitution (BfV), comme un parti \u00ab\u00a0extr\u00e9miste\u00a0\u00bb de droite, pouvant repr\u00e9senter un danger pour l\u2019ordre d\u00e9mocratique en Allemagne.<\/p>\n<p style=\"text-align: justify;\">Le BfV, service de renseignement int\u00e9rieur charg\u00e9 de surveiller les menaces pesant sur l\u2019ordre constitutionnel, a suspendu provisoirement sa d\u00e9cision, jeudi dernier, en attendant que la justice rende son verdict, \u00e0 la suite du recours introduit par l\u2019AfD.<\/p>\n<p style=\"text-align: justify;\"><strong>Lire aussi :\u00a0<a style=\"color: #008000;\" href=\"https:\/\/maroc-diplomatique.net\/allemagne-le-gouvernement-merz-ordonne-le-refoulement-des-sans-papiers\/\" target=\"_blank\" rel=\"noopener\">Allemagne: Le gouvernement Merz ordonne le refoulement des sans-papiers<\/a><\/strong><\/p>\n<p style=\"text-align: justify;\">L\u2019AfD avait saisi le tribunal administratif de Cologne pour contester cette d\u00e9signation. En r\u00e9ponse, le BfV s\u2019est engag\u00e9 \u00e0 ne plus faire publiquement r\u00e9f\u00e9rence \u00e0 cette qualification jusqu\u2019\u00e0 ce qu\u2019une d\u00e9cision judiciaire soit rendue.<\/p>\n<p style=\"text-align: justify;\">Cette suspension interdit provisoirement au BfV de recourir \u00e0 des moyens de surveillance renforc\u00e9s, justifi\u00e9s jusqu\u2019ici par cette classification. L\u2019Office continue toutefois de consid\u00e9rer que le parti pr\u00e9sente des tendances extr\u00e9mistes, notamment dans son discours sur l\u2019immigration.<\/p>\n<p style=\"text-align: justify;\">Le BfV avait r\u00e9cemment annonc\u00e9 avoir achev\u00e9 une r\u00e9\u00e9valuation du parti dans un rapport de plus de 1.100 pages remis au minist\u00e8re f\u00e9d\u00e9ral de l\u2019Int\u00e9rieur. L\u2019Office estime que l\u2019id\u00e9ologie de l\u2019AfD constitue une menace pour l\u2019ordre d\u00e9mocratique libre et fondamental en Allemagne.<\/p>\n<p style=\"text-align: justify;\">Il justifie cette position par \u201cune conception du peuple fond\u00e9e sur l\u2019origine ethnique, dominante au sein du parti\u201d, visant \u00e0 exclure certains groupes de la soci\u00e9t\u00e9, en particulier les personnes issues de l\u2019immigration en provenance de \u201cpays \u00e0 majorit\u00e9 musulmane\u201d, et \u00e0 leur imposer \u201cun traitement discriminatoire contraire \u00e0 la Constitution\u201d.<\/p>\n<p style=\"text-align: justify;\">L\u2019AfD avait r\u00e9alis\u00e9 une perc\u00e9e historique lors des l\u00e9gislatives anticip\u00e9es de f\u00e9vrier dernier, en se hissant \u00e0 la deuxi\u00e8me place derri\u00e8re les conservateurs de l\u2019Union chr\u00e9tienne-d\u00e9mocrate et sociale (CDU\/CSU), avec 20,8% des voix, soit environ le double de son score aux \u00e9lections f\u00e9d\u00e9rales de 2021 (10,4%).<\/p>\n<p style=\"text-align: justify;\">Avec MAP<\/p>\n","protected":false},"excerpt":{"rendered":"Des milliers de personnes ont investi les rues dans plusieurs villes allemandes pour r\u00e9clamer l\u2019interdiction du parti d\u2019extr\u00eame&hellip;\n","protected":false},"author":2,"featured_media":93770,"comment_status":"","ping_status":"","sticky":false,"template":"","format":"standard","meta":{"footnotes":""},"categories":[1587],"tags":[11,672,20630,1804,1805,1803,1777,674,1076,1801,20631,1272,12,1802],"class_list":{"0":"post-93769","1":"post","2":"type-post","3":"status-publish","4":"format-standard","5":"has-post-thumbnail","7":"category-allemagne","8":"tag-actualites","9":"tag-allemagne","10":"tag-bfv","11":"tag-bundesrepublik-deutschland","12":"tag-de","13":"tag-deutschland","14":"tag-eu","15":"tag-europe","16":"tag-extreme-droite","17":"tag-germany","18":"tag-lafd","19":"tag-manifestations","20":"tag-news","21":"tag-republique-federale-dallemagne"},"share_on_mastodon":{"url":"https:\/\/pubeurope.com\/@fr\/114493918012755004","error":""},"_links":{"self":[{"href":"https:\/\/www.europesays.com\/fr\/wp-json\/wp\/v2\/posts\/93769","targetHints":{"allow":["GET"]}}],"collection":[{"href":"https:\/\/www.europesays.com\/fr\/wp-json\/wp\/v2\/posts"}],"about":[{"href":"https:\/\/www.europesays.com\/fr\/wp-json\/wp\/v2\/types\/post"}],"author":[{"embeddable":true,"href":"https:\/\/www.europesays.com\/fr\/wp-json\/wp\/v2\/users\/2"}],"replies":[{"embeddable":true,"href":"https:\/\/www.europesays.com\/fr\/wp-json\/wp\/v2\/comments?post=93769"}],"version-history":[{"count":0,"href":"https:\/\/www.europesays.com\/fr\/wp-json\/wp\/v2\/posts\/93769\/revisions"}],"wp:featuredmedia":[{"embeddable":true,"href":"https:\/\/www.europesays.com\/fr\/wp-json\/wp\/v2\/media\/93770"}],"wp:attachment":[{"href":"https:\/\/www.europesays.com\/fr\/wp-json\/wp\/v2\/media?parent=93769"}],"wp:term":[{"taxonomy":"category","embeddable":true,"href":"https:\/\/www.europesays.com\/fr\/wp-json\/wp\/v2\/categories?post=93769"},{"taxonomy":"post_tag","embeddable":true,"href":"https:\/\/www.europesays.com\/fr\/wp-json\/wp\/v2\/tags?post=93769"}],"curies":[{"name":"wp","href":"https:\/\/api.w.org\/{rel}","templated":true}]}}