{"id":93784,"date":"2025-05-12T08:36:11","date_gmt":"2025-05-12T08:36:11","guid":{"rendered":"https:\/\/www.europesays.com\/fr\/93784\/"},"modified":"2025-05-12T08:36:11","modified_gmt":"2025-05-12T08:36:11","slug":"atp-rome-jannik-sinner-apres-sa-reprise-reussie-jai-des-doutes-sur-ce-qui-va-se-passer-lors-du-prochain-match","status":"publish","type":"post","link":"https:\/\/www.europesays.com\/fr\/93784\/","title":{"rendered":"ATP &#8211; Rome > Jannik Sinner apr\u00e8s sa reprise r\u00e9ussie : \u00ab\u00a0J&rsquo;ai des doutes sur ce qui va se passer lors du prochain match\u00a0\u00bb"},"content":{"rendered":"<p>Solide pour sa reprise apr\u00e8s trois mois d\u2019ab\u00adsence sur le circuit ATP, Jannik Sinner ne pouvait pas r\u00eaver mieux. Un accueil chaleu\u00adreux et <a href=\"https:\/\/www.welovetennis.fr\/atp\/atp-rome\/jannik-sinner-mention-assez-bien-mais-peut-mieux-faire\" data-wpel-link=\"internal\" target=\"_blank\" rel=\"noopener\">une bonne perfor\u00admance face \u00e0 l\u2019Argentin Navone, 99\u00e8me, au Masters 1000 de Rome<\/a> lui ont rappel\u00e9 des souve\u00adnirs du bon vieux temps. Mais derri\u00e8re les appa\u00adrences, l\u2019Italien a avou\u00e9 en conf\u00e9\u00adrence de presse ne pas \u00eatre si s\u00fbr de\u00a0lui.<\/p>\n<p><strong>\u00ab\u202fBien s\u00fbr. Il est normal d\u2019avoir des doutes. Il serait tr\u00e8s \u00e9trange que je n\u2019aie aucun doute, cela semble\u00adrait tr\u00e8s arro\u00adgant. J\u2019ai des doutes. J\u2019avais des doutes avant d\u2019en\u00adtrer sur le terrain aujourd\u2019hui. J\u2019ai des doutes sur ce qui va se passer lors du prochain match, mais je dois vivre avec ces doutes, parce qu\u2019ils signi\u00adfient que c\u2019est impor\u00adtant pour vous, que vous voulez vous am\u00e9liorer, que vous voulez montrer qui vous \u00eates, que vous voulez r\u00e9aliser quelque chose de sp\u00e9cial. Je pense que chacun d\u2019entre nous a des doutes au quoti\u00addien,\u00a0oui.\u202f\u00bb<\/strong><\/p>\n<p>Pour rappel, le num\u00e9ro un mondial affron\u00adtera Jesper De Jong (93e \u00e0 l\u2019ATP) lors du troi\u00adsi\u00e8me tour du tournoi Italien.<\/p>\n<p class=\"post-published-date\" style=\"color: silver; font-size: 75%; text-align: left;\">Publi\u00e9 le lundi 12 mai 2025 \u00e0 09:18<\/p>\n","protected":false},"excerpt":{"rendered":"Solide pour sa reprise apr\u00e8s trois mois d\u2019ab\u00adsence sur le circuit ATP, Jannik Sinner ne pouvait pas r\u00eaver&hellip;\n","protected":false},"author":2,"featured_media":93785,"comment_status":"","ping_status":"","sticky":false,"template":"","format":"standard","meta":{"footnotes":""},"categories":[1415],"tags":[1011,27,2127,60,1467],"class_list":{"0":"post-93784","1":"post","2":"type-post","3":"status-publish","4":"format-standard","5":"has-post-thumbnail","7":"category-tennis","8":"tag-fr","9":"tag-france","10":"tag-sinner","11":"tag-sports","12":"tag-tennis"},"share_on_mastodon":{"url":"https:\/\/pubeurope.com\/@fr\/114493953331608294","error":""},"_links":{"self":[{"href":"https:\/\/www.europesays.com\/fr\/wp-json\/wp\/v2\/posts\/93784","targetHints":{"allow":["GET"]}}],"collection":[{"href":"https:\/\/www.europesays.com\/fr\/wp-json\/wp\/v2\/posts"}],"about":[{"href":"https:\/\/www.europesays.com\/fr\/wp-json\/wp\/v2\/types\/post"}],"author":[{"embeddable":true,"href":"https:\/\/www.europesays.com\/fr\/wp-json\/wp\/v2\/users\/2"}],"replies":[{"embeddable":true,"href":"https:\/\/www.europesays.com\/fr\/wp-json\/wp\/v2\/comments?post=93784"}],"version-history":[{"count":0,"href":"https:\/\/www.europesays.com\/fr\/wp-json\/wp\/v2\/posts\/93784\/revisions"}],"wp:featuredmedia":[{"embeddable":true,"href":"https:\/\/www.europesays.com\/fr\/wp-json\/wp\/v2\/media\/93785"}],"wp:attachment":[{"href":"https:\/\/www.europesays.com\/fr\/wp-json\/wp\/v2\/media?parent=93784"}],"wp:term":[{"taxonomy":"category","embeddable":true,"href":"https:\/\/www.europesays.com\/fr\/wp-json\/wp\/v2\/categories?post=93784"},{"taxonomy":"post_tag","embeddable":true,"href":"https:\/\/www.europesays.com\/fr\/wp-json\/wp\/v2\/tags?post=93784"}],"curies":[{"name":"wp","href":"https:\/\/api.w.org\/{rel}","templated":true}]}}