{"id":93788,"date":"2025-05-12T08:39:09","date_gmt":"2025-05-12T08:39:09","guid":{"rendered":"https:\/\/www.europesays.com\/fr\/93788\/"},"modified":"2025-05-12T08:39:09","modified_gmt":"2025-05-12T08:39:09","slug":"romane-menager-annonce-sa-retraite-apres-la-coupe-du-monde-2025","status":"publish","type":"post","link":"https:\/\/www.europesays.com\/fr\/93788\/","title":{"rendered":"Romane M\u00e9nager annonce sa retraite apr\u00e8s la Coupe du monde 2025"},"content":{"rendered":"<p>La centre du Montpellier et du XV de France, Romane M\u00e9nager a annonc\u00e9 ce dimanche sa retraite sportive \u00e0 l\u2019issue de la Coupe du monde 2025 cet \u00e9t\u00e9.<\/p>\n<p class=\"fig-paragraph\">L\u00e9gende du Montpellier H\u00e9rault Rugby, Romane M\u00e9nager \u00e9crira le dernier chapitre de sa carri\u00e8re cet \u00e9t\u00e9 avec les Bleues pour la Coupe du monde 2025, en Angleterre. V\u00e9ritable tauli\u00e8re du groupe Bleue, la vice-capitaine a annonc\u00e9 ce dimanche lors de la rencontre Montpellier-Stade Bordelais (5-49) \u00e0 l\u2019occasion de la 17e journ\u00e9e d\u2019\u00c9lite 1, qu\u2019elle prendra sa retraite \u00e0 l\u2019issue du Mondial, \u00e0 \u00abseulement\u00bb 28 ans.<\/p>\n<p class=\"fig-paragraph\">Couverte d\u2019une ovation et d\u2019une haie d\u2019honneur, M\u00e9nager est arriv\u00e9 dans l\u2019H\u00e9rault en 2018 \u00e0 l\u2019\u00e2ge de 21 ans, avec \u00e0 la cl\u00e9, un titre de championne de France en 2019, et par-dessus tout, un statut de l\u00e9gende chez le Montpellier H\u00e9rault Rugby. Par ailleurs, \u00abRoro\u00bb avait \u00e9t\u00e9 form\u00e9 dans le Nord chez le Stade villeneuvois Lille M\u00e9tropole<\/p>\n<p class=\"fig-paragraph\">Pour rappel, M\u00e9nager a port\u00e9 \u00e0 66 reprises le maillot du XV de France, elle qui reste sur un \u00e9chec au Tournoi des Six nations contre l\u2019Angleterre (43-42)\u00a0: \u00abOn leur donne rendez-vous \u00e0 la Coupe du monde\u00bb, avait alors pr\u00e9venu la centre pour l\u2019\u00e9ch\u00e9ance en ao\u00fbt prochain (22 ao\u00fbt au 27 septembre).<\/p>\n","protected":false},"excerpt":{"rendered":"La centre du Montpellier et du XV de France, Romane M\u00e9nager a annonc\u00e9 ce dimanche sa retraite sportive&hellip;\n","protected":false},"author":2,"featured_media":93789,"comment_status":"","ping_status":"","sticky":false,"template":"","format":"standard","meta":{"footnotes":""},"categories":[1412],"tags":[2306,525,2309,1981,2313,1089,451,13070,814,1451,1452,1453,1454,1455,1011,27,955,2308,2311,1980,479,2259,2307,60,478,2310,2312,513],"class_list":{"0":"post-93788","1":"post","2":"type-post","3":"status-publish","4":"format-standard","5":"has-post-thumbnail","7":"category-f1","8":"tag-6-nations","9":"tag-calendrier","10":"tag-challenge-europeen","11":"tag-classement","12":"tag-clermont","13":"tag-coupe-deurope","14":"tag-coupe-du-monde","15":"tag-coupe-du-monde-de-rugby-feminine","16":"tag-direct","17":"tag-f1","18":"tag-formula-1","19":"tag-formula1","20":"tag-formule-1","21":"tag-formule1","22":"tag-fr","23":"tag-france","24":"tag-match","25":"tag-pro-d2","26":"tag-racing","27":"tag-resultats","28":"tag-rugby","29":"tag-score","30":"tag-six-nations","31":"tag-sports","32":"tag-top-14","33":"tag-toulon","34":"tag-toulouse","35":"tag-xv-de-france"},"share_on_mastodon":{"url":"https:\/\/pubeurope.com\/@fr\/114493965162722518","error":""},"_links":{"self":[{"href":"https:\/\/www.europesays.com\/fr\/wp-json\/wp\/v2\/posts\/93788","targetHints":{"allow":["GET"]}}],"collection":[{"href":"https:\/\/www.europesays.com\/fr\/wp-json\/wp\/v2\/posts"}],"about":[{"href":"https:\/\/www.europesays.com\/fr\/wp-json\/wp\/v2\/types\/post"}],"author":[{"embeddable":true,"href":"https:\/\/www.europesays.com\/fr\/wp-json\/wp\/v2\/users\/2"}],"replies":[{"embeddable":true,"href":"https:\/\/www.europesays.com\/fr\/wp-json\/wp\/v2\/comments?post=93788"}],"version-history":[{"count":0,"href":"https:\/\/www.europesays.com\/fr\/wp-json\/wp\/v2\/posts\/93788\/revisions"}],"wp:featuredmedia":[{"embeddable":true,"href":"https:\/\/www.europesays.com\/fr\/wp-json\/wp\/v2\/media\/93789"}],"wp:attachment":[{"href":"https:\/\/www.europesays.com\/fr\/wp-json\/wp\/v2\/media?parent=93788"}],"wp:term":[{"taxonomy":"category","embeddable":true,"href":"https:\/\/www.europesays.com\/fr\/wp-json\/wp\/v2\/categories?post=93788"},{"taxonomy":"post_tag","embeddable":true,"href":"https:\/\/www.europesays.com\/fr\/wp-json\/wp\/v2\/tags?post=93788"}],"curies":[{"name":"wp","href":"https:\/\/api.w.org\/{rel}","templated":true}]}}