{"id":93790,"date":"2025-05-12T08:40:11","date_gmt":"2025-05-12T08:40:11","guid":{"rendered":"https:\/\/www.europesays.com\/fr\/93790\/"},"modified":"2025-05-12T08:40:11","modified_gmt":"2025-05-12T08:40:11","slug":"aurelien-menard-maitre-chez-lui","status":"publish","type":"post","link":"https:\/\/www.europesays.com\/fr\/93790\/","title":{"rendered":"Aur\u00e9lien M\u00e9nard ma\u00eetre chez lui"},"content":{"rendered":"<p>Les quelques gouttes de pluie tomb\u00e9es par ci, par l\u00e0, n\u2019ont rien enlev\u00e9 au succ\u00e8s de ce crit\u00e9rium jocondien couru ce dimanche sur le circuit la ZI n\u00b0\u00a02, \u00e0 Jou\u00e9-l\u00e8s-Tours. Du matin au soir, les courses se sont succ\u00e9d\u00e9es sur l\u2019anneau de 1,2\u00a0km. Les soci\u00e9taires de l\u2019UC Jou\u00e9, chez eux, ont fait honneur \u00e0 leur maillot, d\u00e8s le matin, en remportant le classement par \u00e9quipes des \u00e9coles de v\u00e9lo.<\/p>\n<p>Les Jocondiens ont continu\u00e9 de se distinguer l\u2019apr\u00e8s-midi, d\u2019abord gr\u00e2ce aux U17. Dans la course qui leur \u00e9tait r\u00e9serv\u00e9e, on attendait une confirmation, celle de Lo\u00efs Beigneux ou Noa Sartis, celui-ci vainqueur la veille \u00e0 Saint-Aignan. Ces deux coureurs ralliaient tous les suffrages au d\u00e9part. Mais plut\u00f4t qu\u2019\u00e0 une confirmation, c\u2019est \u00e0 une r\u00e9v\u00e9lation \u00e0 laquelle on a assist\u00e9, avec la victoire, la premi\u00e8re de sa carri\u00e8re, d\u2019Antoine Bigot. Le troisi\u00e8me larron de l\u2019UC Jou\u00e9 est parti de loin, pi\u00e9geant les coureurs du CS Chinon, musel\u00e9s \u00e0 l\u2019arri\u00e8re par Beigneux et Sartis.<\/p>\n<p><img alt=\"Antoine Bigot a cr\u00e9\u00e9 la surprise chez les U17.\" loading=\"lazy\" width=\"980\" height=\"573\" decoding=\"async\" data-nimg=\"1\" class=\"img-responsive spinner-show\" style=\"color:transparent;background-size:cover;background-position:50% 50%;background-repeat:no-repeat;background-image:url(&quot;data:image\/svg+xml;charset=utf-8,%3Csvg xmlns=\" http:=\"\" viewbox=\"0 0 980 573\" id=\"b\" color-interpolation-filters=\"sRGB\" stddeviation=\"20\" values=\"1 0 0 0 0 0 1 0 0 0 0 0 1 0 0 0 0 0 100 -1\" result=\"s\" x=\"0\" y=\"0\" operator=\"out\" in=\"s\" in2=\"SourceGraphic\" preserveaspectratio=\"none\" href=\"https:\/\/images.lanouvellerepublique.fr\/image\/upload\/t_88w\/f_auto\/6820fd09ad2af603098b4582.jpg\"   src=\"https:\/\/www.europesays.com\/fr\/wp-content\/uploads\/2025\/05\/6820fd09ad2af603098b4582.jpg\"\/><\/p>\n<p style=\"background-color:#F2F2F2;padding:5px;margin-top:0px;margin-bottom:10px\">Antoine Bigot a cr\u00e9\u00e9 la surprise chez les U17.<br \/> \u00a9 (Photo cor. NR, Serge Brard)<\/p>\n<p>Le retour tonitruant de M\u00e9nard<\/p>\n<p>La derni\u00e8re course, celle des access et opens, courue sur 60 tours, n\u2019a pas connu le moindre temps mort. Il est vrai que les nombreuses primes mises en jeu n\u2019incitaient pas les coureurs \u00e0 la fl\u00e2nerie. Elo\u00efs Cr\u00e9pin (Orl\u00e9ans), Valentin Benoist (UV Descartes) et Gabin Audon (UC Amboise-Nazelles) se montraient les plus virulents dans la chasse, juste avant l\u2019entr\u00e9e en action de Geoffrey Gilbert (UC Montoire) qui bouclait une douzaine de tours en solitaire.<\/p>\n<p>Quand Gilbert a rendu les armes, Jules Dessay et J\u00e9r\u00e9my Nieto sont entr\u00e9s en sc\u00e8ne \u00e0 leur tour. Leur \u00e9chapp\u00e9e s\u2019est d\u00e9velopp\u00e9e dans la douleur, personne \u00e0 l\u2019arri\u00e8re ne consentant \u00e0 les laisser partir. Quand les deux fuyards commen\u00e7aient \u00e0 croire au succ\u00e8s de leur entreprise, ils voyaient revenir sur eux un homme seul, Aur\u00e9lien M\u00e9nard, encore un repr\u00e9sentant de l\u2019UC Jou\u00e9. M\u00e9nard op\u00e9rait la jonction \u00e0 moins de trois tours de l\u2019arriv\u00e9e, soufflait un peu et repartait de plus belle \u00e0 2\u00a0km du but, d\u00e9crocher la victoire en solitaire.<\/p>\n<p>Un succ\u00e8s venu en conclusion d\u2019une journ\u00e9e bien remplie pour ce quadrag\u00e9naire \u00e0 la belle sant\u00e9. Le matin m\u00eame, \u00e0 partir de cinq heures, le futur vainqueur avait effectu\u00e9 sa journ\u00e9e de travail \u00e0 son poste de chef de circulation \u00e0 la gare de Saint-Pierre. Arriv\u00e9 sur le circuit, c\u2019est un autre poste qu\u2019il a tenu, celui de signaleur, prot\u00e9geant les courses de jeunes.<\/p>\n<p><strong>Classements\u00a0:<\/strong> 1. Aur\u00e9lien M\u00e9nard (UC Jou\u00e9), les 72\u00a0km en 1 h 37\u2019 52\u2019\u2019, 2. Dessay (VC Contres) \u00e0 5\u2019\u2019, 3. Nieto (Team Progress 28) \u00e0 10\u2019\u2019, 4. Leroux (Sabl\u00e9-Sarthe) \u00e0 12\u2019\u2019, 5. Aubry (VS Monnaie), 6. Benoit (AAJ Blois), 7. Arnault (US Saint-Pierre), 8. Bogacz (VS Monnaie), 9. Corbin (VC Contres), 10. Cr\u00e9pin (Orl\u00e9ans-Loiret), 11. Ravenet (AAJ Blois), 12. Maziou (Lyon Corbas), 13. Delhomme (Bordeau-Loire), 14. Car\u00eame (US Saint-Pierre), 15. Audon (UC Amboise-Nazelles). 45 class\u00e9s.<br \/><strong>U17\u00a0:<\/strong> 1. Antoine Bigot (UC Jou\u00e9), 60\u00a0km, 1\u00a0h\u00a039, 2. Beigneux (UC Jou\u00e9) \u00e0 1\u2019 33\u2019\u2019, 3. Commeureuc (CS Chinon), 4. Sartis (UC Jou\u00e9), 5. Ginet (AAJ Blois), 6. Warnod (US Saint-Pierre), 7. Pibaleau US Saint-Pierre), 8. Piffault (CC Vierzon), 9. Durel (CS Chinon), 10. Capricorne (Vineuil), 16 class\u00e9s.<br \/><strong>U15\u00a0:<\/strong> 1. Nathan Barberet (VC Contres), 26\u00a0km, 1 h 02\u2019 30\u2019\u2019, 2. Cabanel (US Saint-Pierre), 3. Richard (VC Contres), 4. Bonnaud (US Saint-Pierre), 5. Warnod G (US Saint-Pierre), 6. Nieto (UC Amboise-Nazelles) \u00e0 10\u2019\u2019, 7. Le Dylio (UC Jou\u00e9), 8. Jeannot (AS Montlouis), 9. Roca (US Saint-Pierre), 10. Clochard (UC Jou\u00e9).<br \/><strong>U15\u00a0:<\/strong> 1. Marcus Heurtier (UC Jou\u00e9), 2. Murillo (UV Poitiers), 3. Moreau (UC Jou\u00e9).<br \/><strong>U11\u00a0:<\/strong> 1. Lilou R\u00e9thor\u00e9-Queneau (US Saint-Pierre), 2. Boucherie (AS Montlouis), 3. M\u00e9nard (UC Jou\u00e9).<br \/><strong>U9\u00a0:<\/strong> 1. Rapha\u00ebl M\u00e9nard (Brette Sportif).<br \/><strong>U7\u00a0:<\/strong> 1. Guilhem Roussat-Hermenault (US Saint-Pierre).<br \/><strong>Par \u00e9quipes\u00a0:<\/strong> 1. UC Jou\u00e9 32, 2. US Saint-Pierre 35, 3. AS Montlouis 41, 4. UC Amboise-Nazelles 47, 5. UV Poitiers 53.<\/p>\n","protected":false},"excerpt":{"rendered":"Les quelques gouttes de pluie tomb\u00e9es par ci, par l\u00e0, n\u2019ont rien enlev\u00e9 au succ\u00e8s de ce crit\u00e9rium&hellip;\n","protected":false},"author":2,"featured_media":93791,"comment_status":"","ping_status":"","sticky":false,"template":"","format":"standard","meta":{"footnotes":""},"categories":[1411],"tags":[1154,207,1011,27,1387,3222,60],"class_list":{"0":"post-93790","1":"post","2":"type-post","3":"status-publish","4":"format-standard","5":"has-post-thumbnail","7":"category-cyclisme","8":"tag-cycling","9":"tag-cyclisme","10":"tag-fr","11":"tag-france","12":"tag-indre-et-loire","13":"tag-joue-les-tours","14":"tag-sports"},"share_on_mastodon":{"url":"https:\/\/pubeurope.com\/@fr\/114493969128748660","error":""},"_links":{"self":[{"href":"https:\/\/www.europesays.com\/fr\/wp-json\/wp\/v2\/posts\/93790","targetHints":{"allow":["GET"]}}],"collection":[{"href":"https:\/\/www.europesays.com\/fr\/wp-json\/wp\/v2\/posts"}],"about":[{"href":"https:\/\/www.europesays.com\/fr\/wp-json\/wp\/v2\/types\/post"}],"author":[{"embeddable":true,"href":"https:\/\/www.europesays.com\/fr\/wp-json\/wp\/v2\/users\/2"}],"replies":[{"embeddable":true,"href":"https:\/\/www.europesays.com\/fr\/wp-json\/wp\/v2\/comments?post=93790"}],"version-history":[{"count":0,"href":"https:\/\/www.europesays.com\/fr\/wp-json\/wp\/v2\/posts\/93790\/revisions"}],"wp:featuredmedia":[{"embeddable":true,"href":"https:\/\/www.europesays.com\/fr\/wp-json\/wp\/v2\/media\/93791"}],"wp:attachment":[{"href":"https:\/\/www.europesays.com\/fr\/wp-json\/wp\/v2\/media?parent=93790"}],"wp:term":[{"taxonomy":"category","embeddable":true,"href":"https:\/\/www.europesays.com\/fr\/wp-json\/wp\/v2\/categories?post=93790"},{"taxonomy":"post_tag","embeddable":true,"href":"https:\/\/www.europesays.com\/fr\/wp-json\/wp\/v2\/tags?post=93790"}],"curies":[{"name":"wp","href":"https:\/\/api.w.org\/{rel}","templated":true}]}}