{"id":93796,"date":"2025-05-12T08:43:09","date_gmt":"2025-05-12T08:43:09","guid":{"rendered":"https:\/\/www.europesays.com\/fr\/93796\/"},"modified":"2025-05-12T08:43:09","modified_gmt":"2025-05-12T08:43:09","slug":"un-petit-appartement-comme-une-petite-maison-pres-de-montmartre","status":"publish","type":"post","link":"https:\/\/www.europesays.com\/fr\/93796\/","title":{"rendered":"Un petit appartement comme une petite maison pr\u00e8s de Montmartre"},"content":{"rendered":"<p>La cuisine et sa chemin\u00e9e qui para\u00eet sculpt\u00e9e dans le pl\u00e2tre blanc. Le plan de travail en inox, ses portes en laque et inox ont \u00e9t\u00e9 dessin\u00e9s et fabriqu\u00e9s par Acte Deux dans un jeu d&rsquo;aplats de couleurs inspir\u00e9 du travail d&rsquo;Ettore Spalletti. C\u00e9ramiques provenant du Mexique et du japon, applique vintage d&rsquo;Achille Castiglioni (Flos), coupe fruits en c\u00e9ramique vintage, pot (Poterie Ravel).<\/p>\n<p>Jean Baptiste Thiriet<\/p>\n<p><strong>Jeux d\u2019ombres et de lumi\u00e8re<\/strong><\/p>\n<p>Dans cette architecture ouverte, les volumes s\u00e9quencent l\u2019espace et la lumi\u00e8re joue le r\u00f4le de chef d\u2019orchestre, distribuant sa clart\u00e9 z\u00e9nithale selon les heures du jour, \u00e0 travers ouvertures et fen\u00eatres de toit comme autant de perc\u00e9es de lumi\u00e8re b\u00e9n\u00e9ficiant de la triple orientation de l\u2019appartement. <a href=\"https:\/\/www.admagazine.fr\/article\/maison-et-objet-2025-reperes-salon\" target=\"_blank\" rel=\"noopener\">Meubles et objets<\/a> voient leurs ombres projet\u00e9es sur le sol comme sur les murs et, dans ce jeu de rapport au volume et \u00e0 la sculpture, la lumi\u00e8re leur donne des aspects changeant avec la course du soleil.<br \/>Dans cet int\u00e9rieur sculpt\u00e9 au sol en b\u00e9ton cir\u00e9 beige, le bois de ch\u00e2taignier est convoqu\u00e9, de m\u00eame que le ch\u00eane. Le premier pour la table de la salle \u00e0 manger, le second pour les rangements de la salle de bains, le tout dessin\u00e9 et r\u00e9alis\u00e9 par des artisans \u00e9b\u00e9nistes. \u00ab Hors cuisine, c\u2019est le mobilier qui apporte la couleur avec le bois. La table \u00e0 manger en ch\u00e2taignier est taill\u00e9e dans un tronc entier en partie tourn\u00e9 et, dans la <a href=\"https:\/\/www.admagazine.fr\/article\/petites-salles-bains-dictent-codes-decoration\" target=\"_blank\" rel=\"noopener\">salle de bains<\/a>, on a verni les placards en ch\u00eane blond, jusqu\u2019au tiroir sous la vasque, dans une association chaleureuse avec la mosa\u00efque de carreaux de gr\u00e8s c\u00e9ram vieux rose et joints terracotta. \u00bb<\/p>\n<p>La table en ch\u00e2taignier du coin salle \u00e0 manger a \u00e9t\u00e9 dessin\u00e9e par Acte Deux et fabriqu\u00e9e par un artisan en Normandie, son pied est taill\u00e9 dans un tronc de ch\u00e2taignier massif. Dessus, une vaisselle comprenant une coupe \u00e0 fruits du village de La Borne, des assiettes Christian Dior vintage et un vase (&amp;klevering). Autour, des chaises en paille vintage. Au mur, une applique Coquillage en fibre de verre d&rsquo;Andr\u00e9 Cazenave chin\u00e9.<\/p>\n<p>Jean Baptiste Thiriet<\/p>\n<p><strong>Fonction et narration<\/strong><\/p>\n<p>Devant le canap\u00e9 sur mesure, un monolithe de b\u00e9ton cir\u00e9 : c\u2019est la table basse du salon, trait\u00e9e comme un parall\u00e9l\u00e9pip\u00e8de monochrome qui vient se fondre dans le sol. Et, dans le couloir et la chambre, l\u2019effet enveloppant du beige en all-over cr\u00e9e un cocon du sol aux murs jusqu\u2019aux plafonds. C\u2019est peut-\u00eatre de ce mix <a href=\"https:\/\/www.admagazine.fr\/adinspiration\/article\/5-sols-en-beton-cire-qui-nous-inspirent\" target=\"_blank\" rel=\"noopener\">b\u00e9ton cir\u00e9<\/a> et de chaises en paille que nous vient cette id\u00e9e de sud, de M\u00e9diterran\u00e9e\u2026 de vacances. \u00ab Ce mot est tr\u00e8s \u00e9vocateur pour nous. Notre travail consiste \u00e0 cr\u00e9er des intervalles qui donnent l&rsquo;impression d\u2019\u00eatre en vacances. Comme des souvenirs que l\u2019on convoque \u00e0 travers des pi\u00e8ces finies qui viennent de maisons de famille, d\u2019objets r\u00e9cup\u00e9r\u00e9s \u00e0 gauche, \u00e0 droite. On y pense tout le temps. \u00bb Pour autant, loin de r\u00e9aliser des espaces d\u00e9contextualis\u00e9s qui \u00e9voqueraient Rome, Bologne ou Barcelone, Acte Deux pense en termes d\u2019objets rapport\u00e9s de voyages, d\u2019influences glan\u00e9es, des gestes d\u2019artisans qui les ont \u00e9mus. Une coupe \u00e0 fruits sicilienne, des petits pots, une th\u00e9i\u00e8re, des jarres en terre cuite sont associ\u00e9s \u00e0 un lampadaire d\u2019Achille Castiglioni, un fauteuil sign\u00e9 Pierre Paulin, une coupe \u00e0 fruits du village de La Borne, un coquillage en fibre de verre d\u2019Andr\u00e9 Cazenave ou encore un vase Shiva d\u2019Ettore Sottsass\u2026 \u00ab Ces cr\u00e9ateurs ne se contentent pas de penser des situations, ils ont aussi une mani\u00e8re de penser et d&rsquo;appr\u00e9hender l&rsquo;espace, l&rsquo;objet et les exp\u00e9riences, bref d&rsquo;assembler les choses. Nous sommes dans cette logique-l\u00e0, nous sommes des assembleurs. \u00bb Toujours cette proximit\u00e9 avec les arts visuels, ce rapprochement entre sc\u00e9nario d\u2019usage et mise en sc\u00e8ne, situation et d\u00e9cor, narration et fonction, et \u00e7a marche.<br \/><a data-offer-url=\"https:\/\/www.instagram.com\/acte_deux\/\" class=\"external-link\" data-event-click=\"{&quot;element&quot;:&quot;ExternalLink&quot;,&quot;outgoingURL&quot;:&quot;https:\/\/www.instagram.com\/acte_deux\/&quot;}\" href=\"https:\/\/www.instagram.com\/acte_deux\/\" rel=\"nofollow noopener\" target=\"_blank\">instagram.com\/acte_deux<\/a><\/p>\n<p><script async src=\"\/\/www.instagram.com\/embed.js\"><\/script><\/p>\n","protected":false},"excerpt":{"rendered":"La cuisine et sa chemin\u00e9e qui para\u00eet sculpt\u00e9e dans le pl\u00e2tre blanc. Le plan de travail en inox,&hellip;\n","protected":false},"author":2,"featured_media":93797,"comment_status":"","ping_status":"","sticky":false,"template":"","format":"standard","meta":{"footnotes":""},"categories":[1358],"tags":[10099,1348,1384,1385,1386,58,59,1011,27,9986],"class_list":{"0":"post-93796","1":"post","2":"type-post","3":"status-publish","4":"format-standard","5":"has-post-thumbnail","7":"category-arts-et-design","8":"tag-appartement-parisien","9":"tag-arts","10":"tag-arts-and-design","11":"tag-arts-et-design","12":"tag-design","13":"tag-divertissement","14":"tag-entertainment","15":"tag-fr","16":"tag-france","17":"tag-petits-espaces"},"share_on_mastodon":{"url":"https:\/\/pubeurope.com\/@fr\/114493980962916147","error":""},"_links":{"self":[{"href":"https:\/\/www.europesays.com\/fr\/wp-json\/wp\/v2\/posts\/93796","targetHints":{"allow":["GET"]}}],"collection":[{"href":"https:\/\/www.europesays.com\/fr\/wp-json\/wp\/v2\/posts"}],"about":[{"href":"https:\/\/www.europesays.com\/fr\/wp-json\/wp\/v2\/types\/post"}],"author":[{"embeddable":true,"href":"https:\/\/www.europesays.com\/fr\/wp-json\/wp\/v2\/users\/2"}],"replies":[{"embeddable":true,"href":"https:\/\/www.europesays.com\/fr\/wp-json\/wp\/v2\/comments?post=93796"}],"version-history":[{"count":0,"href":"https:\/\/www.europesays.com\/fr\/wp-json\/wp\/v2\/posts\/93796\/revisions"}],"wp:featuredmedia":[{"embeddable":true,"href":"https:\/\/www.europesays.com\/fr\/wp-json\/wp\/v2\/media\/93797"}],"wp:attachment":[{"href":"https:\/\/www.europesays.com\/fr\/wp-json\/wp\/v2\/media?parent=93796"}],"wp:term":[{"taxonomy":"category","embeddable":true,"href":"https:\/\/www.europesays.com\/fr\/wp-json\/wp\/v2\/categories?post=93796"},{"taxonomy":"post_tag","embeddable":true,"href":"https:\/\/www.europesays.com\/fr\/wp-json\/wp\/v2\/tags?post=93796"}],"curies":[{"name":"wp","href":"https:\/\/api.w.org\/{rel}","templated":true}]}}