{"id":937968,"date":"2026-05-17T03:17:17","date_gmt":"2026-05-17T03:17:17","guid":{"rendered":"https:\/\/www.europesays.com\/fr\/937968\/"},"modified":"2026-05-17T03:17:17","modified_gmt":"2026-05-17T03:17:17","slug":"mes-journees-sont-essentiellement-faites-daleas-architecte-il-jongle-entre-plans-chantier-et-imprevus","status":"publish","type":"post","link":"https:\/\/www.europesays.com\/fr\/937968\/","title":{"rendered":"\u00ab\u00a0Mes journ\u00e9es sont essentiellement faites d\u2019al\u00e9as\u00a0\u00bb\u00a0: architecte, il jongle entre plans, chantier\u2026 et impr\u00e9vus\u00a0"},"content":{"rendered":"<p>Paul Le Digabel rentre tout juste d\u2019une r\u00e9union de chantier. C\u2019est le moment o\u00f9 tout ce qu\u2019on a dessin\u00e9 sort de terre. Cela se r\u00e9sume essentiellement \u00e0 organiser les diff\u00e9rents corps d\u2019\u00e9tat, les actions, les plannings, d\u00e9taille l\u2019architecte \u00e0 peine install\u00e9 sur la terrasse bois de l\u2019agence qu\u2019il a construite au sud-est d\u2019Angers\u00a0(Maine-et-Loire).<\/p>\n<\/p>\n<p>Il y est entr\u00e9 le t\u00e9l\u00e9phone viss\u00e9 \u00e0 l\u2019oreille. Un rendez-vous chasse l\u2019autre. En 2025, son <a href=\"https:\/\/atelierpld.com\/\" rel=\"nofollow noopener\" target=\"_self\">atelier p.l.d<\/a> a f\u00eat\u00e9 ses dix ans. Cocasse pour celui qui s\u2019\u00e9tait jur\u00e9, son HMNOP\u00a0(habilitation \u00e0 la ma\u00eetrise d\u2019\u0153uvre en son nom propre) en poche, de ne pas s\u2019installer trop vite.<\/p>\n<p><strong>Lire aussi\u00a0: <\/strong> <a href=\"https:\/\/www.ouest-france.fr\/pays-de-la-loire\/reze-44400\/ils-sont-architectes-de-metier-et-ont-choisi-de-vivre-a-la-maison-radieuse-a-reze-af46cdae-4d1c-11f0-9cff-87ef4f671601\" target=\"_self\" rel=\"nofollow noopener\">Ils sont architectes de m\u00e9tier et ont choisi de vivre \u00e0 la Maison radieuse \u00e0 Rez\u00e9<\/a><\/p>\n<p>Paul n\u2019aime pas le terme de chef d\u2019orchestre souvent utilis\u00e9 pour d\u00e9finir son m\u00e9tier. Il pr\u00e9f\u00e8re le c\u00f4t\u00e9 maillage plus que pyramidal. Nous sommes un acteur parmi d\u2019autres. Notre r\u00f4le, c\u2019est de centraliser l\u2019information, de l\u2019analyser et de la rediffuser\u00a0\u00bb.<\/p>\n<p>Ce jeudi, ma\u00e7ons, <a href=\"https:\/\/www.ouest-france.fr\/education\/orientation\/fiches-metiers\/reportage-charpentier-yannick-venant-assemble-du-bois-noble-pour-batir-des-maisons-durables-a76a6676-eb1d-11ed-a9f3-54c9437ab926?utm_source=troove&amp;utm_medium=site\" target=\"_self\" rel=\"nofollow noopener\">charpentiers<\/a>, menuisiers et ma\u00eetre d\u2019ouvrage, autrement dit le client, ici un particulier, \u00e9taient r\u00e9unis sur ce projet de r\u00e9novation dans le centre-ville d\u2019Angers. Le chantier, c\u2019est la partie qui se voit beaucoup, mais ce n\u2019est pas l\u2019essentiel du temps pass\u00e9.<\/p>\n<p>        Trois phases<\/p>\n<p>Son travail se scinde en trois \u00e9tapes. D\u2019abord, une phase de conception et de cr\u00e9ation, celle qu\u2019on adore tous, qui est indissociable de notre mission et qu\u2019on apprend essentiellement \u00e0 l\u2019\u00e9cole. Le professionnel, appel\u00e9 ma\u00eetre d\u2019\u0153uvre, re\u00e7oit le client, identifie ses besoins, r\u00e9pond \u00e0 une probl\u00e9matique. Le projet prend vie sous forme de plans et de maquettes, \u00e9tablis sur ordinateur ou sur papier, sans oublier le calque\u00a0!<\/p>\n<p>Il faut ici <a href=\"https:\/\/www.ouest-france.fr\/bretagne\/larmor-plage-56260\/emergence-amo-laccompagnement-au-service-du-batiment-sobre-et-durable-a-larmor-plage-1b0df69c-126c-11f1-ae9f-ff086d305527\" target=\"_self\" rel=\"nofollow noopener\">respecter les contraintes \u00e9cologiques<\/a>, thermiques, urbaines. D\u2019une rue \u00e0 une autre, on n\u2019a pas le droit de construire de la m\u00eame fa\u00e7on, insiste Paul, qui plonge tr\u00e8s t\u00f4t dans les plans locaux d\u2019urbanisme des communes, parfois dans les plans de pr\u00e9vention des risques ou les textes qui r\u00e9gissent les monuments historiques ou sites class\u00e9s.<\/p>\n<p>        Jusqu\u2019au permis de construire<\/p>\n<p>Des allers-retours sont faits avec le client jusqu\u2019\u00e0 la phase d\u2019obtention du permis de construire. L\u2019architecte ne prend jamais de d\u00e9cision \u00e0 la place du client, nous sommes l\u00e0 pour l\u2019assister et le guider, d\u00e9fend le professionnel dipl\u00f4m\u00e9 de <a href=\"https:\/\/www.ouest-france.fr\/education\/etudiant\/apres-la-mobilisation-dans-les-ecoles-darchitecture-le-ministere-de-la-culture-debloque-des-fonds-a51dc794-e1b5-11ed-908e-9b680907ca67?utm_source=troove&amp;utm_medium=site\" target=\"_self\" rel=\"nofollow noopener\">l\u2019\u00e9cole d\u2019architecture<\/a> de Normandie \u2013 l\u2019une des vingt et une \u00e9coles publiques d\u00e9livrant en cinq ans le dipl\u00f4me d\u2019\u00c9tat d\u2019architecture.<\/p>\n<p>Vient ensuite la phase de consultation o\u00f9 les clients nous voient un peu moins. L\u00e0, Paul \u00e9labore des documents techniques. Ils reprennent le mod\u00e8le constructif, les types de mat\u00e9riaux, l\u2019ing\u00e9nierie,\u00a0etc. Et nourriront les cahiers des charges transmis aux entreprises. \u00c0 lui de les trouver et de fixer avec eux les prix. L\u2019architecture, c\u2019est de la co-construction, soutient celui qui cherche \u00e0 satisfaire son client et \u00e0 fid\u00e9liser des entreprises locales de qualit\u00e9.<\/p>\n<p>        Cent mails par jour<\/p>\n<p>La derni\u00e8re \u00e9tape est celle de la direction et l\u2019ex\u00e9cution des march\u00e9s de travaux\u00a0\u00bb.\u00a0Il s\u2019agit de veiller et de surveiller que tout se d\u00e9roule bien, tant techniquement qu\u2019en termes de d\u00e9lais. Paul fait alors une visite de chantier par semaine, avec des comptes rendus \u00e0 l\u2019appui. En cas de p\u00e9pin, il faut trouver des solutions, et vite. Et c\u2019est ainsi jusqu\u2019\u00e0 la r\u00e9ception\u00a0du chantier.<\/p>\n<p>Je suis quelqu\u2019un de tr\u00e8s organis\u00e9, mais mes journ\u00e9es sont essentiellement faites d\u2019al\u00e9as\u00a0! Chef d\u2019entreprise, Paul manage cinq personnes, re\u00e7oit plus de cent mails chaque jour, mais trouve encore le temps de se former pour rester \u00e0 jour. Il y a des modes, l\u2019art de vivre et l\u2019esth\u00e9tique \u00e9voluent, la technique et le cadre r\u00e9glementaire aussi.<\/p>\n<p>Lui se nourrit de photographies, de voyages, mais aussi d\u2019histoire, de sociologie, d\u2019ing\u00e9nierie, d\u2019art\u2026 L\u2019architecture, ce n\u2019est que l\u2019accumulation d\u2019autres disciplines\u00a0!<\/p>\n","protected":false},"excerpt":{"rendered":"Paul Le Digabel rentre tout juste d\u2019une r\u00e9union de chantier. C\u2019est le moment o\u00f9 tout ce qu\u2019on a&hellip;\n","protected":false},"author":2,"featured_media":937969,"comment_status":"","ping_status":"","sticky":false,"template":"","format":"standard","meta":{"footnotes":"","_share_on_mastodon":"0"},"categories":[1358],"tags":[74853,1350,1348,1384,1385,85482,1386,58,59,99534,99533,1119,1011,27,12826],"class_list":["post-937968","post","type-post","status-publish","format-standard","has-post-thumbnail","category-arts-et-design","tag-actualite-en-continu","tag-architecture","tag-arts","tag-arts-and-design","tag-arts-et-design","tag-construction-btp","tag-design","tag-divertissement","tag-entertainment","tag-etudes-longues","tag-fiches-metiers","tag-formation","tag-fr","tag-france","tag-orientation"],"share_on_mastodon":{"url":"https:\/\/pubeurope.com\/@fr\/116587753784173854","error":""},"_links":{"self":[{"href":"https:\/\/www.europesays.com\/fr\/wp-json\/wp\/v2\/posts\/937968","targetHints":{"allow":["GET"]}}],"collection":[{"href":"https:\/\/www.europesays.com\/fr\/wp-json\/wp\/v2\/posts"}],"about":[{"href":"https:\/\/www.europesays.com\/fr\/wp-json\/wp\/v2\/types\/post"}],"author":[{"embeddable":true,"href":"https:\/\/www.europesays.com\/fr\/wp-json\/wp\/v2\/users\/2"}],"replies":[{"embeddable":true,"href":"https:\/\/www.europesays.com\/fr\/wp-json\/wp\/v2\/comments?post=937968"}],"version-history":[{"count":0,"href":"https:\/\/www.europesays.com\/fr\/wp-json\/wp\/v2\/posts\/937968\/revisions"}],"wp:featuredmedia":[{"embeddable":true,"href":"https:\/\/www.europesays.com\/fr\/wp-json\/wp\/v2\/media\/937969"}],"wp:attachment":[{"href":"https:\/\/www.europesays.com\/fr\/wp-json\/wp\/v2\/media?parent=937968"}],"wp:term":[{"taxonomy":"category","embeddable":true,"href":"https:\/\/www.europesays.com\/fr\/wp-json\/wp\/v2\/categories?post=937968"},{"taxonomy":"post_tag","embeddable":true,"href":"https:\/\/www.europesays.com\/fr\/wp-json\/wp\/v2\/tags?post=937968"}],"curies":[{"name":"wp","href":"https:\/\/api.w.org\/{rel}","templated":true}]}}