{"id":93798,"date":"2025-05-12T08:44:08","date_gmt":"2025-05-12T08:44:08","guid":{"rendered":"https:\/\/www.europesays.com\/fr\/93798\/"},"modified":"2025-05-12T08:44:08","modified_gmt":"2025-05-12T08:44:08","slug":"dans-son-nouveau-livre-daniel-lesage-explore-les-moeurs-et-traditions-dun-village-du-cotentin","status":"publish","type":"post","link":"https:\/\/www.europesays.com\/fr\/93798\/","title":{"rendered":"Dans son nouveau livre, Daniel Lesage explore les m\u0153urs et traditions d\u2019un village du Cotentin"},"content":{"rendered":"<p>            Par<br \/>\n        <strong><br \/>\n            <a href=\"https:\/\/actu.fr\/auteur\/redaction-pressemanche\" title=\"Consulter tous les articles de R\u00e9daction La Presse de la Manche\" rel=\"nofollow noopener\" target=\"_blank\">R\u00e9daction La Presse de la Manche<\/a><br \/>\n        <\/strong><\/p>\n<p>        Publi\u00e9 le<\/p>\n<p>            12 mai 2025 \u00e0 10h34        <\/p>\n<p>Daniel Lesage, dans son ouvrage inspir\u00e9 de <b>faits r\u00e9els<\/b>, La Chorchyire mal aim\u00e9e (la sorci\u00e8re mal aim\u00e9e), invite \u00e0 d\u00e9couvrir un \u00e9pisode assez peu connu et peu glorieux de la <a href=\"https:\/\/actu.fr\/tag\/seconde-guerre-mondiale\" rel=\"nofollow noopener\" target=\"_blank\">Seconde Guerre mondiale<\/a>\u2009: le roman conte le destin d\u2019une<b> jeune femme tourment\u00e9e<\/b> par les vicissitudes de la vie, pendant et au sortir de la <b>guerre<\/b>.<\/p>\n<p class=\" wall-content\">Dans son style caract\u00e9ristique, empreint de r\u00e9alisme aux couleurs du terroir, de sagacit\u00e9 et d\u2019humour, l\u2019auteur propose de revisiter les heures sombres de <b>l\u2019Occupation <\/b>faites de restrictions, d\u2019humiliations et parfois de choix scabreux.<\/p>\n<p>Fin des ann\u00e9es 60<\/p>\n<p class=\" wall-content\">Et aussi de p\u00e9n\u00e9trer le singulier prol\u00e9tariat des <b>abattoirs de la Villette<\/b> \u00e0 <a href=\"https:\/\/actu.fr\/paris\/\" rel=\"nofollow noopener\" target=\"_blank\">Paris<\/a> au si\u00e8cle dernier, tout en explorant les <b>m\u0153urs et traditions<\/b> de <b>ressortissants <\/b>d\u2019un <b>petit village rural<\/b> du <b>Cotentin <\/b>\u00e0 la <b>fin des ann\u00e9es 60<\/b>.<\/p>\n<p class=\" wall-content\">Le roman d\u2019un r\u00e9alisme absolu, \u00e9crit sans complaisance, conte avec humanisme l\u2019histoire de cette femme qui sera appel\u00e9e la Chorchyire dans le Cotentin.<\/p>\n<p>En r\u00e9sum\u00e9<\/p>\n<p class=\" wall-content\">Dans son <b>onzi\u00e8me livre de soci\u00e9t\u00e9<\/b>, Daniel Lesage, \u00e9voque ainsi d\u2019une<b> mani\u00e8re romanc\u00e9e<\/b>, cet aspect peu connu de la Seconde Guerre mondiale, \u00e0 savoir\u2009: la vie et le destin r\u00e9serv\u00e9 aux <b>femmes Fran\u00e7aises<\/b>, qui, avant m\u00eame que le <b>Service du travail obligatoire <\/b>(STO) soit <b>impos\u00e9 aux jeunes hommes<\/b>, ont d\u00e9lib\u00e9r\u00e9ment choisi, pour diverses raisons, de <b>s\u2019exiler en Allemagne <\/b>et de contribuer \u00e0 <b>l\u2019effort de guerre nazi.<\/b><\/p>\n<p class=\" wall-content\">Au moins 80\u2009000 Fran\u00e7aises auraient travaill\u00e9 dans le Reich <b>entre\u00a01940 et\u00a01945,<\/b> et il aura fallu de nombreuses ann\u00e9es pour mettre fin \u00e0 la <b>stigmatisation <\/b>sans nuances de ces \u00ab\u2009travailleuses civiles\u2009\u00bb exil\u00e9es et <b>les r\u00e9int\u00e9grer socialement<\/b> dans la soci\u00e9t\u00e9 d\u2019apr\u00e8s-guerre.<\/p>\n<p>Vid\u00e9os : en ce moment sur Actu<\/p>\n<p class=\" wall-content\">Une trentaine d\u2019ann\u00e9es plus tard,<b> en 1969<\/b>, dans un petit village rural du Cotentin, la <b>population <\/b>est intrigu\u00e9e par <b>d\u2019\u00e9tranges visiteurs<\/b> \u00e0 la recherche d\u2019une ermite, surnomm\u00e9e la Chorchyire, exil\u00e9e dans la commune depuis des d\u00e9cennies.<\/p>\n<p class=\" wall-content\">La Chorchyire ne serait-elle pas l\u2019une de celles\u202fqui seraient parties travailler en Allemagne soutenir l\u2019effort de guerre nazi et ainsi pallier les terribles restrictions dont souffrait <b>sa famille<\/b>\u2009?<\/p>\n<p class=\" wall-content\"><b>De notre correspondante Catherine CHAUMET<\/b><\/p>\n<p>Pr\u00e9sentation et d\u00e9dicaces au festival \u00ab\u2009\u00c9closion\u2009\u00bb les 17 et 18 mai 2025 au ch\u00e2teau de Martinvast. Renseignements compl\u00e9mentaires, t\u00e9l.\u2009: 06\u200907\u200938\u200908\u200935<\/p>\n<p class=\" wall-content\">Suivez toute l\u2019actualit\u00e9 de vos villes et m\u00e9dias favoris en vous inscrivant \u00e0 <a href=\"https:\/\/moncompte.actu.fr\" title=\"D\u00e9couvez Mon Actu\" rel=\"nofollow noopener\" data-trk=\"{&quot;cta&quot;:{&quot;action&quot;:&quot;https:\\\/\\\/moncompte.actu.fr&quot;,&quot;category&quot;:&quot;mon compte&quot;,&quot;from&quot;:&quot;article footer&quot;,&quot;name&quot;:&quot;Mon actu&quot;,&quot;type&quot;:&quot;cta&quot;}}\" target=\"_blank\">Mon Actu<\/a>.<\/p>\n","protected":false},"excerpt":{"rendered":"Par R\u00e9daction La Presse de la Manche Publi\u00e9 le 12 mai 2025 \u00e0 10h34 Daniel Lesage, dans son&hellip;\n","protected":false},"author":2,"featured_media":93799,"comment_status":"","ping_status":"","sticky":false,"template":"","format":"standard","meta":{"footnotes":""},"categories":[1357],"tags":[1379,3168,58,59,1011,27,1380,935,104],"class_list":{"0":"post-93798","1":"post","2":"type-post","3":"status-publish","4":"format-standard","5":"has-post-thumbnail","7":"category-livres","8":"tag-books","9":"tag-cotentin","10":"tag-divertissement","11":"tag-entertainment","12":"tag-fr","13":"tag-france","14":"tag-livres","15":"tag-seconde-guerre-mondiale","16":"tag-societe"},"share_on_mastodon":{"url":"https:\/\/pubeurope.com\/@fr\/114493985009490840","error":""},"_links":{"self":[{"href":"https:\/\/www.europesays.com\/fr\/wp-json\/wp\/v2\/posts\/93798","targetHints":{"allow":["GET"]}}],"collection":[{"href":"https:\/\/www.europesays.com\/fr\/wp-json\/wp\/v2\/posts"}],"about":[{"href":"https:\/\/www.europesays.com\/fr\/wp-json\/wp\/v2\/types\/post"}],"author":[{"embeddable":true,"href":"https:\/\/www.europesays.com\/fr\/wp-json\/wp\/v2\/users\/2"}],"replies":[{"embeddable":true,"href":"https:\/\/www.europesays.com\/fr\/wp-json\/wp\/v2\/comments?post=93798"}],"version-history":[{"count":0,"href":"https:\/\/www.europesays.com\/fr\/wp-json\/wp\/v2\/posts\/93798\/revisions"}],"wp:featuredmedia":[{"embeddable":true,"href":"https:\/\/www.europesays.com\/fr\/wp-json\/wp\/v2\/media\/93799"}],"wp:attachment":[{"href":"https:\/\/www.europesays.com\/fr\/wp-json\/wp\/v2\/media?parent=93798"}],"wp:term":[{"taxonomy":"category","embeddable":true,"href":"https:\/\/www.europesays.com\/fr\/wp-json\/wp\/v2\/categories?post=93798"},{"taxonomy":"post_tag","embeddable":true,"href":"https:\/\/www.europesays.com\/fr\/wp-json\/wp\/v2\/tags?post=93798"}],"curies":[{"name":"wp","href":"https:\/\/api.w.org\/{rel}","templated":true}]}}