{"id":93821,"date":"2025-05-12T08:56:14","date_gmt":"2025-05-12T08:56:14","guid":{"rendered":"https:\/\/www.europesays.com\/fr\/93821\/"},"modified":"2025-05-12T08:56:14","modified_gmt":"2025-05-12T08:56:14","slug":"saint-just-malmont-4-orchestres-de-batterie-fanfare-en-lice-le-17-mai","status":"publish","type":"post","link":"https:\/\/www.europesays.com\/fr\/93821\/","title":{"rendered":"Saint-Just-Malmont : 4 orchestres de batterie fanfare en lice le 17 mai"},"content":{"rendered":"<p>\t\t\t\t\t\t\t\t\t\t\t\t\t\t\t\t\t\t\t\t\t\t\t\t\t\t\t\t\t\t\t\t\t\t\t\t\t\t\t\t\t\t\t\t\t\t\t\t\t\t\t\t\t\t\t\t\t\t\t\t\t\t\t<a href=\"https:\/\/www.lacommere43.fr\/component\/banners\/click\/1775.html\" target=\"_blank\" title=\"Tence Rural Master mai 2025\" rel=\"nofollow noopener\"><br \/>\n\t\t\t\t\t\t\t<img decoding=\"async\" src=\"https:\/\/www.europesays.com\/fr\/wp-content\/uploads\/2025\/05\/rural2025-3.gif\" alt=\"Tence Rural Master mai 2025\"\/><br \/>\n\t\t\t\t\t\t<\/a><\/p>\n<p>\t\t\t\t\t\t\t\t\t\t\t\t\t\t\t\t\t\t\t\t\t\t\t\t\t\t\t\t\t\t\t\t\t\t\t\t\t\t\t\t\t\t\t\t\t\t\t\t\t\t\t\t\t\t\t\t\t\t\t\t\t\t\t<a href=\"https:\/\/www.lacommere43.fr\/component\/banners\/click\/1773.html\" target=\"_blank\" title=\"Tence Carrefour Market minibus mai 2025\" rel=\"nofollow noopener\"><br \/>\n\t\t\t\t\t\t\t<img decoding=\"async\" src=\"https:\/\/www.europesays.com\/fr\/wp-content\/uploads\/2025\/05\/carre.jpg\" alt=\"Tence Carrefour Market minibus mai 2025\"\/><br \/>\n\t\t\t\t\t\t<\/a><\/p>\n<p><strong>Les grands prix r\u00e9gionaux de musique FSCF sont de retour en terres altilig\u00e9riennes \u00e0 partir de 14 heures le 17 mai au gymnase G1 de Saint-Just-Malmont.<\/strong><\/p>\n<p>Les musiciens de l&rsquo;orchestre local, Velay Synergie, proposent de vivre un apr\u00e8s-midi festif anim\u00e9 par des cuivres, des percussions et des chants. 150 artistes vont faire r\u00e9sonner le gymnase et ses alentours durant toute la journ\u00e9e de samedi.<\/p>\n<p><strong>Au programme <\/strong><\/p>\n<p>Quatre orchestres de batterie fanfare se pr\u00e9senteront devant 5 auditeurs de 14 heures \u00e0 17 heures : Velay Synergie (43), L&rsquo;\u00c9pi de Grammond (42), L&rsquo;Alerte de Replonges (01) et Passion Bourgogne (71).<\/p>\n<p>De 17 h 30 \u00e0 18 h 30 : les chorales Chantencor et Choeur \u00e0 Coeur prendront possession de la sc\u00e8ne, accompagn\u00e9es par l&rsquo;Orchestre Velay Synergie.<\/p>\n<p>De 18 h 30 \u00e0 19 heures : c\u00e9r\u00e9monie officielle et remise des prix aux diff\u00e9rentes formations.<\/p>\n<p>\u00c0 partir de 19 heures : un orchestre \u00e9ph\u00e9m\u00e8re assurera l&rsquo;animation du repas.<\/p>\n<p>De 20 h 30 \u00e0 22 h 45 : grand concert anim\u00e9 par l&rsquo;Alerte de Relponges et Passion Bourgogne.<\/p>\n<p>La journ\u00e9e se finira par un bal anim\u00e9 par Discomobile Soundlight jusqu&rsquo;\u00e0 1 heure du matin.<\/p>\n<p><strong>Tarifs<\/strong><\/p>\n<p>Entr\u00e9e 10 euros, avec repas 23 euros, repas seul 16 euros<\/p>\n<p>Billeterie et informations disponible via le lien <a href=\"https:\/\/www.helloasso.com\/associations\/velay-synergie\/evenements\/grand-prix-regionaux-fscfPossibilit\" target=\"_blank\" rel=\"noopener nofollow\">https:\/\/www.helloasso.com\/associations\/velay-synergie\/evenements\/grand-prix-regionaux-fscf<\/a><\/p>\n<p>Possibilit\u00e9 de r\u00e9server les entr\u00e9es et les repas jusqu&rsquo;au 16 mai.<\/p>\n","protected":false},"excerpt":{"rendered":"Les grands prix r\u00e9gionaux de musique FSCF sont de retour en terres altilig\u00e9riennes \u00e0 partir de 14 heures&hellip;\n","protected":false},"author":2,"featured_media":93822,"comment_status":"","ping_status":"","sticky":false,"template":"","format":"standard","meta":{"footnotes":""},"categories":[9653],"tags":[1111,2281,11,2430,1777,674,2282,1011,27,2280,2284,2285,2283,12,25,4001],"class_list":{"0":"post-93821","1":"post","2":"type-post","3":"status-publish","4":"format-standard","5":"has-post-thumbnail","7":"category-saint-etienne","8":"tag-actu","9":"tag-actualite-43","10":"tag-actualites","11":"tag-auvergne-rhone-alpes","12":"tag-eu","13":"tag-europe","14":"tag-faits-divers-auvergne","15":"tag-fr","16":"tag-france","17":"tag-information-haute-loire","18":"tag-infos-43","19":"tag-journal-haute-loire","20":"tag-la-commere-43","21":"tag-news","22":"tag-republique-francaise","23":"tag-saint-etienne"},"share_on_mastodon":{"url":"https:\/\/pubeurope.com\/@fr\/114494032109386250","error":""},"_links":{"self":[{"href":"https:\/\/www.europesays.com\/fr\/wp-json\/wp\/v2\/posts\/93821","targetHints":{"allow":["GET"]}}],"collection":[{"href":"https:\/\/www.europesays.com\/fr\/wp-json\/wp\/v2\/posts"}],"about":[{"href":"https:\/\/www.europesays.com\/fr\/wp-json\/wp\/v2\/types\/post"}],"author":[{"embeddable":true,"href":"https:\/\/www.europesays.com\/fr\/wp-json\/wp\/v2\/users\/2"}],"replies":[{"embeddable":true,"href":"https:\/\/www.europesays.com\/fr\/wp-json\/wp\/v2\/comments?post=93821"}],"version-history":[{"count":0,"href":"https:\/\/www.europesays.com\/fr\/wp-json\/wp\/v2\/posts\/93821\/revisions"}],"wp:featuredmedia":[{"embeddable":true,"href":"https:\/\/www.europesays.com\/fr\/wp-json\/wp\/v2\/media\/93822"}],"wp:attachment":[{"href":"https:\/\/www.europesays.com\/fr\/wp-json\/wp\/v2\/media?parent=93821"}],"wp:term":[{"taxonomy":"category","embeddable":true,"href":"https:\/\/www.europesays.com\/fr\/wp-json\/wp\/v2\/categories?post=93821"},{"taxonomy":"post_tag","embeddable":true,"href":"https:\/\/www.europesays.com\/fr\/wp-json\/wp\/v2\/tags?post=93821"}],"curies":[{"name":"wp","href":"https:\/\/api.w.org\/{rel}","templated":true}]}}