{"id":93829,"date":"2025-05-12T09:00:08","date_gmt":"2025-05-12T09:00:08","guid":{"rendered":"https:\/\/www.europesays.com\/fr\/93829\/"},"modified":"2025-05-12T09:00:08","modified_gmt":"2025-05-12T09:00:08","slug":"a-la-valette-du-var-un-circuit-memoriel-dedie-au-debarquement-de-provence","status":"publish","type":"post","link":"https:\/\/www.europesays.com\/fr\/93829\/","title":{"rendered":"\u00c0 La Valette-du-Var, un circuit m\u00e9moriel d\u00e9di\u00e9 au D\u00e9barquement de Provence"},"content":{"rendered":"<p>                    <img loading=\"lazy\" decoding=\"async\" src=\"https:\/\/www.europesays.com\/fr\/wp-content\/uploads\/2025\/05\/07c8631d412b7a15f4ed6164fe8825.jpg\" class=\"img-responsive post-image\" width=\"680\" height=\"510\" alt=\"\u00c0 La Valette-du-Var, (\u2026)\" title=\"\u00c0 La Valette-du-Var, un circuit m\u00e9moriel d\u00e9di\u00e9 au D\u00e9barquement de Provence\"\/><\/p>\n<p class=\"chapo\">\u00c0 l\u2019initiative du D\u00e9partement, les \u00e9lus ont proc\u00e9d\u00e9 \u00e0 l\u2019installation d\u2019un totem sur la route du Fort du Coudon, initi\u00e9e dans le cadre du 80\u00e8me anniversaire des comm\u00e9morations du D\u00e9barquement en Provence, lanc\u00e9 en juin 2023.<\/p>\n<p>Cette s\u00e9quence marque le d\u00e9but de la pose d\u2019une s\u00e9rie de 26 totems. En m\u00eame temps, les \u00e9lus ont d\u00e9voil\u00e9 27 nouveaux personnages de l\u2019application Var 44.<\/p>\n<p><strong>La Valette-du-Var est la premi\u00e8re commune choisie pour l\u2019installation d\u2019un totem.<\/strong><\/p>\n<p>Aujourd\u2019hui p\u00e9rennis\u00e9, le projet Var 44 inscrit plusieurs actions men\u00e9es par le D\u00e9partement dont la pose de panneaux de signal\u00e9tique directionnelle indiquant les plages varoises du D\u00e9barquement.<\/p>\n<p>Ce projet s\u2019est aussi traduit par un appel \u00e0 projet p\u00e9dagogique dans les coll\u00e8ges sur la th\u00e9matique du devoir de m\u00e9moire et la route du D\u00e9barquement, le lancement d\u2019une application virtuelle de g\u00e9olocalisation, des expositions aux Archives d\u00e9partementales \u00e0 Draguignan (prolong\u00e9e jusqu\u2019au 8 juillet) et au mus\u00e9e de la Marine (prolong\u00e9e jusqu\u2019au 29 juin).<\/p>\n<p>L\u2019une des actions majeures est donc la cr\u00e9ation d\u2019une application virtuelle lanc\u00e9e le 15 ao\u00fbt 2024 pour d\u00e9couvrir, via un QR code sur un site muni d\u2019un totem, 80 r\u00e9cits sur le D\u00e9barquement de Provence. Le lancement de l\u2019application impliquait la d\u00e9couverte de 26 personnages et l\u2019installation de 26 totems dans les communes.<br class=\"texte\"\/><br \/>\nEn janvier dernier, 27 nouveaux r\u00e9cits ont \u00e9t\u00e9 int\u00e9gr\u00e9s, entra\u00eenant la pose de totems dans 23 autres communes du Var dont 16 nouvelles.<\/p>\n<p><strong>La derni\u00e8re s\u00e9rie de personnages (et donc de totems) sera d\u00e9velopp\u00e9e en mai avec l\u2019int\u00e9gration des 80 r\u00e9cits de personnages pour c\u00e9l\u00e9brer le 80\u00e8me anniversaire de l\u2019Armistice du 8 mai 1945.<\/strong><\/p>\n<p>Photo de Une \u00a9Philippe OLIVIER<\/p>\n","protected":false},"excerpt":{"rendered":"\u00c0 l\u2019initiative du D\u00e9partement, les \u00e9lus ont proc\u00e9d\u00e9 \u00e0 l\u2019installation d\u2019un totem sur la route du Fort du&hellip;\n","protected":false},"author":2,"featured_media":93830,"comment_status":"","ping_status":"","sticky":false,"template":"","format":"standard","meta":{"footnotes":""},"categories":[9619],"tags":[1111,11,2408,1777,674,1011,27,12,882,25,2310],"class_list":{"0":"post-93829","1":"post","2":"type-post","3":"status-publish","4":"format-standard","5":"has-post-thumbnail","7":"category-toulon","8":"tag-actu","9":"tag-actualites","10":"tag-appels-d","11":"tag-eu","12":"tag-europe","13":"tag-fr","14":"tag-france","15":"tag-news","16":"tag-provence-alpes-cote-dazur","17":"tag-republique-francaise","18":"tag-toulon"},"share_on_mastodon":{"url":"https:\/\/pubeurope.com\/@fr\/114494047832625445","error":""},"_links":{"self":[{"href":"https:\/\/www.europesays.com\/fr\/wp-json\/wp\/v2\/posts\/93829","targetHints":{"allow":["GET"]}}],"collection":[{"href":"https:\/\/www.europesays.com\/fr\/wp-json\/wp\/v2\/posts"}],"about":[{"href":"https:\/\/www.europesays.com\/fr\/wp-json\/wp\/v2\/types\/post"}],"author":[{"embeddable":true,"href":"https:\/\/www.europesays.com\/fr\/wp-json\/wp\/v2\/users\/2"}],"replies":[{"embeddable":true,"href":"https:\/\/www.europesays.com\/fr\/wp-json\/wp\/v2\/comments?post=93829"}],"version-history":[{"count":0,"href":"https:\/\/www.europesays.com\/fr\/wp-json\/wp\/v2\/posts\/93829\/revisions"}],"wp:featuredmedia":[{"embeddable":true,"href":"https:\/\/www.europesays.com\/fr\/wp-json\/wp\/v2\/media\/93830"}],"wp:attachment":[{"href":"https:\/\/www.europesays.com\/fr\/wp-json\/wp\/v2\/media?parent=93829"}],"wp:term":[{"taxonomy":"category","embeddable":true,"href":"https:\/\/www.europesays.com\/fr\/wp-json\/wp\/v2\/categories?post=93829"},{"taxonomy":"post_tag","embeddable":true,"href":"https:\/\/www.europesays.com\/fr\/wp-json\/wp\/v2\/tags?post=93829"}],"curies":[{"name":"wp","href":"https:\/\/api.w.org\/{rel}","templated":true}]}}