{"id":938306,"date":"2026-05-17T07:05:24","date_gmt":"2026-05-17T07:05:24","guid":{"rendered":"https:\/\/www.europesays.com\/fr\/938306\/"},"modified":"2026-05-17T07:05:24","modified_gmt":"2026-05-17T07:05:24","slug":"video-sur-une-autre-planete-le-pilote-de-f1-verstappen-depasse-partout-meme-dans-lherbe","status":"publish","type":"post","link":"https:\/\/www.europesays.com\/fr\/938306\/","title":{"rendered":"Vid\u00e9o. Sur une autre plan\u00e8te, le pilote de F1 Verstappen d\u00e9passe partout&#8230;m\u00eame dans l&rsquo;herbe !"},"content":{"rendered":"<p>Max Veestappen est d\u00e9finitivement un ph\u00e9nom\u00e8ne, capable de r\u00e9ussir des choses qu\u2019aucun autre pilote n\u2019est en mesure de faire. C\u2019est ainsi que le quadruple champion du monde de F1 a r\u00e9alis\u00e9 un d\u00e9passement particuli\u00e8rement os\u00e9 (et dangereux, sur un tel circuit) pendant les 24h du Nurburgring. A savoir, dans l\u2019herbe ! Nous vous laissons appr\u00e9cier la s\u00e9quence, en vid\u00e9o.<\/p>\n<blockquote class=\"twitter-tweet\">\n<p dir=\"ltr\" lang=\"fr\">Tu tu tu du Max Verstappen \ud83d\ude0e<a href=\"https:\/\/twitter.com\/hashtag\/24hNBR?src=hash&amp;ref_src=twsrc%5Etfw\" target=\"_blank\" rel=\"noopener nofollow\">#24hNBR<\/a><br \/>.<br \/>.<a href=\"https:\/\/twitter.com\/hashtag\/n%C3%BCrburgring?src=hash&amp;ref_src=twsrc%5Etfw\" target=\"_blank\" rel=\"noopener nofollow\">#n\u00fcrburgring<\/a> <a href=\"https:\/\/twitter.com\/hashtag\/nordschleife?src=hash&amp;ref_src=twsrc%5Etfw\" target=\"_blank\" rel=\"noopener nofollow\">#nordschleife<\/a> <a href=\"https:\/\/twitter.com\/hashtag\/racing?src=hash&amp;ref_src=twsrc%5Etfw\" target=\"_blank\" rel=\"noopener nofollow\">#racing<\/a> <a href=\"https:\/\/twitter.com\/hashtag\/motorsport?src=hash&amp;ref_src=twsrc%5Etfw\" target=\"_blank\" rel=\"noopener nofollow\">#motorsport<\/a> <a href=\"https:\/\/t.co\/Qwzw2b40ja\" rel=\"nofollow\">pic.twitter.com\/Qwzw2b40ja<\/a><\/p>\n<p>\u2014 ADAC RAVENOL 24h N\u00fcrburgring (@24hNBR) <a href=\"https:\/\/twitter.com\/24hNBR\/status\/2055667110932615348?ref_src=twsrc%5Etfw\" target=\"_blank\" rel=\"noopener nofollow\">May 16, 2026<\/a><\/p>\n<\/blockquote>\n<p>Article publi\u00e9 le 17\/05\/2026 \u00e0 5h33<\/p>\n<p>                                            <img loading=\"lazy\" alt=\"\" class=\"avatar avatar-100 photo lazyload\" height=\"100\" width=\"100\" decoding=\"async\" src=\"https:\/\/www.europesays.com\/fr\/wp-content\/uploads\/2026\/05\/ffbb894c35ea5189d599d4ea062c98b86ffb67cc602fa683ebcbf422a80fc47a.png\"  data-eio-rwidth=\"100\" data-eio-rheight=\"100\"\/><\/p>\n<p class=\"h2\">\n                                            Julien Barthet\n                                        <\/p>\n<p>R\u00e9dacteur professionnel (titulaire de la carte de presse pendant 3 ans), je suis le Fondateur, Directeur et R\u00e9dacteur en chef des magazines <a href=\"https:\/\/lemagsportauto.ouest-france.fr\/\" rel=\"nofollow noopener\" target=\"_blank\">Le Mag Sport Auto<\/a>, <a href=\"https:\/\/www.lemagautoprestige.com\/\" rel=\"nofollow noopener\" target=\"_blank\">Le Mag Auto Prestige<\/a> et <a href=\"https:\/\/lemagjeuxhightech.com\/\" rel=\"nofollow noopener\" target=\"_blank\">Le Mag Jeux High-Tech<\/a>.<\/p>\n<p><strong>Exp\u00e9rience de Pilote Automobile<\/strong> : Fort d&rsquo;une solide exp\u00e9rience en comp\u00e9tition avec 55 courses au compteur, j&rsquo;ai \u00e9volu\u00e9 dans diverses cat\u00e9gories :&#13;<br \/>\n<br \/><strong>Monoplace &amp; Circuit<\/strong> : Formule Ford &#8211; F. Campus &#8211; Mitjet&#13;<br \/>\n<br \/><strong>Berlines &amp; Coupes de marque<\/strong> : Coupe 206 (Sprint et Relais) &#8211; Saxo &#8211; Ford Fiesta Allemagne&#13;<br \/>\n<br \/><strong>Palmar\u00e8s<\/strong> : 1 Victoire&#13;\n<\/p>\n<p>J&rsquo;ai \u00e9galement r\u00e9alis\u00e9 de nombreux essais techniques sur des v\u00e9hicules de haut niveau, notamment en F3, Nascar Euro, Caterham et Formule Renault.&#13;<br \/>\n<br \/>&#13;<br \/>\nEnfin, j&rsquo;ai r\u00e9cemment \u00e9t\u00e9 intervenant en tant que sp\u00e9cialiste F1 sur l&rsquo;\u00e9mission de Thomas Hugues, sur la cha\u00eene TV B Smart. Retrouvez-moi sur <a href=\"https:\/\/www.linkedin.com\/in\/julienbarthet\/\" rel=\"nofollow noopener\" target=\"_blank\">LinkedIn<\/a>, <a href=\"https:\/\/x.com\/Julien133\" rel=\"nofollow\">X<\/a>, <a href=\"https:\/\/www.tiktok.com\/@julien.barthet.le\" rel=\"nofollow noopener\" target=\"_blank\">TikTok<\/a>, <a href=\"https:\/\/www.youtube.com\/c\/Lemagsportauto\" rel=\"nofollow noopener\" target=\"_blank\">YouTube<\/a><\/p>\n<p>                                                                                                                            <a href=\"https:\/\/lemagsportauto.ouest-france.fr\/author\/lmsa_adm\/\" title=\"Julien Barthet\" rel=\"nofollow noopener\" target=\"_blank\"><br \/>\n                                                Voir les publications de l&rsquo;auteur<br \/>\n                                            <\/a><\/p>\n<p>                                <script async src=\"https:\/\/platform.twitter.com\/widgets.js\" charset=\"utf-8\"><\/script><script async src=\"\/\/www.tiktok.com\/embed.js\"><\/script><\/p>\n","protected":false},"excerpt":{"rendered":"Max Veestappen est d\u00e9finitivement un ph\u00e9nom\u00e8ne, capable de r\u00e9ussir des choses qu\u2019aucun autre pilote n\u2019est en mesure de&hellip;\n","protected":false},"author":2,"featured_media":938307,"comment_status":"","ping_status":"","sticky":false,"template":"","format":"standard","meta":{"footnotes":"","_share_on_mastodon":"0"},"categories":[9],"tags":[1451,1011,27,2236,60],"class_list":["post-938306","post","type-post","status-publish","format-standard","has-post-thumbnail","category-sports","tag-f1","tag-fr","tag-france","tag-max-verstappen","tag-sports"],"share_on_mastodon":{"url":"https:\/\/pubeurope.com\/@fr\/116588651821437936","error":""},"_links":{"self":[{"href":"https:\/\/www.europesays.com\/fr\/wp-json\/wp\/v2\/posts\/938306","targetHints":{"allow":["GET"]}}],"collection":[{"href":"https:\/\/www.europesays.com\/fr\/wp-json\/wp\/v2\/posts"}],"about":[{"href":"https:\/\/www.europesays.com\/fr\/wp-json\/wp\/v2\/types\/post"}],"author":[{"embeddable":true,"href":"https:\/\/www.europesays.com\/fr\/wp-json\/wp\/v2\/users\/2"}],"replies":[{"embeddable":true,"href":"https:\/\/www.europesays.com\/fr\/wp-json\/wp\/v2\/comments?post=938306"}],"version-history":[{"count":0,"href":"https:\/\/www.europesays.com\/fr\/wp-json\/wp\/v2\/posts\/938306\/revisions"}],"wp:featuredmedia":[{"embeddable":true,"href":"https:\/\/www.europesays.com\/fr\/wp-json\/wp\/v2\/media\/938307"}],"wp:attachment":[{"href":"https:\/\/www.europesays.com\/fr\/wp-json\/wp\/v2\/media?parent=938306"}],"wp:term":[{"taxonomy":"category","embeddable":true,"href":"https:\/\/www.europesays.com\/fr\/wp-json\/wp\/v2\/categories?post=938306"},{"taxonomy":"post_tag","embeddable":true,"href":"https:\/\/www.europesays.com\/fr\/wp-json\/wp\/v2\/tags?post=938306"}],"curies":[{"name":"wp","href":"https:\/\/api.w.org\/{rel}","templated":true}]}}