{"id":93837,"date":"2025-05-12T09:04:08","date_gmt":"2025-05-12T09:04:08","guid":{"rendered":"https:\/\/www.europesays.com\/fr\/93837\/"},"modified":"2025-05-12T09:04:08","modified_gmt":"2025-05-12T09:04:08","slug":"a-rouen-de-jeunes-migrants-campent-devant-la-prefecture-pour-alerter-sur-leur-situation","status":"publish","type":"post","link":"https:\/\/www.europesays.com\/fr\/93837\/","title":{"rendered":"\u00c0 Rouen, de jeunes migrants campent devant la pr\u00e9fecture pour alerter sur leur situation"},"content":{"rendered":"<p class=\"paragraph text_align_left\">Depuis le 2 mai dernier, 18 adolescents guin\u00e9ens, ivoiriens, s\u00e9n\u00e9galais, maliens, congolais, nig\u00e9riens et angolais ont install\u00e9 un campement devant la pr\u00e9fecture de la Seine-Maritime, \u00e0 Rouen. Ces <a href=\"https:\/\/www.leparisien.fr\/societe\/mineurs-isoles-le-casse-tete-de-la-prise-en-charge-pour-les-departements-dile-de-france-26-06-2024-UZAIRTHGJFDP3H63Q6EZXCA3QM.php\" target=\"_blank\" rel=\"noreferrer nofollow noopener\">mineurs non accompagn\u00e9s (MNA)<\/a> protestent ainsi l\u2019accueil qui leur a \u00e9t\u00e9 r\u00e9serv\u00e9 depuis leur arriv\u00e9e en France, notamment sur leurs acc\u00e8s au syst\u00e8me \u00e9ducatif, et seront re\u00e7us ce lundi 12 mai \u00e0 la pr\u00e9fecture, en pr\u00e9sence de la rectrice.<\/p>\n<p class=\"paragraph text_align_left\">Seize tentes et des barnums fournis par la ville de Rouen abritent dix-huit MNA dont Seydou. \u00c2g\u00e9 de 16 ans, il est arriv\u00e9 \u00e0 Rouen en juillet 2024, apr\u00e8s un p\u00e9riple \u00e0 travers le Mali, l\u2019Alg\u00e9rie, la Tunisie, la M\u00e9diterran\u00e9e et l\u2019Italie : \u00ab J\u2019ai pass\u00e9 dix jours en mer dans un zodiac. J\u2019ai craint de mourir plusieurs fois. \u00bb<\/p>\n<p>Test osseux et rejet administratif<\/p>\n<p class=\"paragraph text_align_left\">\u00c0 son arriv\u00e9e en France, il fait une demande de minorit\u00e9, se soumet aux \u00e9valuations l\u00e9gales : \u00ab Ils voulaient conna\u00eetre mon histoire, que je parle de mes parents et pourquoi je suis venu. J\u2019ai fourni aussi des justificatifs de mes origines et de mon \u00e2ge. J\u2019ai fait en plus <a href=\"https:\/\/www.leparisien.fr\/societe\/mineurs-etrangers-les-senateurs-ecologistes-veulent-interdire-les-tests-osseux-14-12-2020-8414272.php\" target=\"_blank\" rel=\"noreferrer nofollow noopener\">un test osseux qui n\u2019est pas fiable<\/a>. Tout cela pour ne pas me croire et me retrouver dans une situation critique et subir le rejet, le racisme, la maltraitance administrative, alors que j\u2019\u00e9tais fatigu\u00e9, perdu et traumatis\u00e9. \u00bb<\/p>\n<p class=\"paragraph text_align_left\">Depuis, le jeune homme vit \u00ab sous les ponts et dans la gare. Je vis dans l\u2019invisibilit\u00e9. C\u2019est difficile. Je n\u2019ai pas quitt\u00e9 mon pays pour devenir un bandit, un voleur et b\u00e9n\u00e9ficier des aides sociales. Je l\u2019ai fait comme beaucoup \u00e0 cause de la mis\u00e8re, la guerre, le d\u00e9r\u00e8glement climatique. Je cherche la s\u00e9curit\u00e9 en France, o\u00f9 je souhaite rester pour aller \u00e0 l\u2019\u00e9cole, apprendre un m\u00e9tier, travailler pour ce pays et moi-m\u00eame. Ce que je demandais, c\u2019\u00e9tait un accueil \u00e0 l\u2019image que nous avons de l\u2019Europe en Afrique \u00bb.<\/p>\n<p class=\"paragraph text_align_left\">Ce qu\u2019il a obtenu, c\u2019est surtout des conditions spartiates et le regard m\u00e9fiant des riverains, m\u00eame s\u2019il salue <a href=\"https:\/\/www.leparisien.fr\/yvelines-78\/lincroyable-solidarite-bonnelles-dans-les-yvelines-continue-de-montrer-lexemple-dans-laccueil-de-refugies-06-03-2024-AR56X3LS25DDNP7LS5JM5K7E4M.php\" target=\"_blank\" rel=\"noreferrer nofollow noopener\">la bienveillance des associations<\/a> d\u2019aide alimentaire et de collectifs locaux.<\/p>\n<p class=\"paragraph text_align_left\">Les 18 jeunes migrants sont en effet soutenus par le Collectif des jeunes mineurs et majeurs isol\u00e9s de Rouen et de nombreuses associations, partis politiques et syndicats, mais aussi le maire (PS) de Rouen, Nicolas Mayer-Rossignol, qui consid\u00e8re \u00ab cette situation indigne. Leurs droits au logement, \u00e0 l\u2019\u00e9ducation, \u00e0 la sant\u00e9 ne sont pas respect\u00e9s. Ils ne demandent rien d\u2019autre que d\u2019\u00eatre consid\u00e9r\u00e9s comme des \u00eatres humains \u00bb.<\/p>\n<p>\u00ab Nous sommes pr\u00eats \u00e0 rester tr\u00e8s longtemps \u00bb<\/p>\n<p class=\"paragraph text_align_left\">En installant des tentes devant la pr\u00e9fecture, Seydou et ses camarades cherchent \u00ab des solutions p\u00e9rennes, que ce soit de la pr\u00e9fecture, en prenant en consid\u00e9ration nos documents, du rectorat pour avoir des formations, et du d\u00e9partement de la Seine-Maritime afin d\u2019annuler les tests osseux. Il faudrait aussi des h\u00e9bergements \u00bb.<\/p>\n<p class=\"paragraph text_align_left\">Alors que le groupe sera re\u00e7u \u00e0 la pr\u00e9fecture ce lundi, le jeune homme \u00ab esp\u00e8re que nous serons entendus lors de l\u2019audience, sinon nous sommes pr\u00eats \u00e0 rester longtemps sur place \u00bb.<\/p>\n<p class=\"paragraph text_align_left\">Malgr\u00e9 le soleil qui a domin\u00e9 les dix jours d\u2019existence du camp, l\u2019ambiance n\u2019est pas au beau fixe, souligne Seydou : \u00ab M\u00eame si nous sommes entre nous et avons une surveillance nuit et jour des militants, nous subissons des provocations de fachos. Ils nous font des doigts d\u2019honneur. Ils nous interpellent et nous crient de rentrer chez nous. Un groupe \u00e0 m\u00eame tent\u00e9 de passer \u00e0 l\u2019action, mais a \u00e9t\u00e9 repouss\u00e9 par le collectif Haro. La police nationale est arriv\u00e9e rapidement. Ce n\u2019est pas l\u2019image que j\u2019avais de la France. Je pensais \u00eatre accueilli dignement vis-\u00e0-vis des relations qu\u2019il y a eues et a entre ce pays et l\u2019Afrique. \u00bb<\/p>\n","protected":false},"excerpt":{"rendered":"Depuis le 2 mai dernier, 18 adolescents guin\u00e9ens, ivoiriens, s\u00e9n\u00e9galais, maliens, congolais, nig\u00e9riens et angolais ont install\u00e9 un&hellip;\n","protected":false},"author":2,"featured_media":93838,"comment_status":"","ping_status":"","sticky":false,"template":"","format":"standard","meta":{"footnotes":""},"categories":[9587],"tags":[1111,11,459,1777,674,1011,27,12,5161,25,9590,11074,104],"class_list":{"0":"post-93837","1":"post","2":"type-post","3":"status-publish","4":"format-standard","5":"has-post-thumbnail","7":"category-rouen","8":"tag-actu","9":"tag-actualites","10":"tag-departements-horsidfo","11":"tag-eu","12":"tag-europe","13":"tag-fr","14":"tag-france","15":"tag-news","16":"tag-normandie","17":"tag-republique-francaise","18":"tag-rouen","19":"tag-seine-maritime-76","20":"tag-societe"},"share_on_mastodon":{"url":"https:\/\/pubeurope.com\/@fr\/114494063457734731","error":""},"_links":{"self":[{"href":"https:\/\/www.europesays.com\/fr\/wp-json\/wp\/v2\/posts\/93837","targetHints":{"allow":["GET"]}}],"collection":[{"href":"https:\/\/www.europesays.com\/fr\/wp-json\/wp\/v2\/posts"}],"about":[{"href":"https:\/\/www.europesays.com\/fr\/wp-json\/wp\/v2\/types\/post"}],"author":[{"embeddable":true,"href":"https:\/\/www.europesays.com\/fr\/wp-json\/wp\/v2\/users\/2"}],"replies":[{"embeddable":true,"href":"https:\/\/www.europesays.com\/fr\/wp-json\/wp\/v2\/comments?post=93837"}],"version-history":[{"count":0,"href":"https:\/\/www.europesays.com\/fr\/wp-json\/wp\/v2\/posts\/93837\/revisions"}],"wp:featuredmedia":[{"embeddable":true,"href":"https:\/\/www.europesays.com\/fr\/wp-json\/wp\/v2\/media\/93838"}],"wp:attachment":[{"href":"https:\/\/www.europesays.com\/fr\/wp-json\/wp\/v2\/media?parent=93837"}],"wp:term":[{"taxonomy":"category","embeddable":true,"href":"https:\/\/www.europesays.com\/fr\/wp-json\/wp\/v2\/categories?post=93837"},{"taxonomy":"post_tag","embeddable":true,"href":"https:\/\/www.europesays.com\/fr\/wp-json\/wp\/v2\/tags?post=93837"}],"curies":[{"name":"wp","href":"https:\/\/api.w.org\/{rel}","templated":true}]}}