{"id":93839,"date":"2025-05-12T09:07:07","date_gmt":"2025-05-12T09:07:07","guid":{"rendered":"https:\/\/www.europesays.com\/fr\/93839\/"},"modified":"2025-05-12T09:07:07","modified_gmt":"2025-05-12T09:07:07","slug":"vous-allez-devoir-remettre-une-etiquette-stop-pub-sur-votre-boite-aux-lettres-a-grenoble","status":"publish","type":"post","link":"https:\/\/www.europesays.com\/fr\/93839\/","title":{"rendered":"vous allez devoir remettre une \u00e9tiquette \u00ab\u00a0Stop pub\u00a0\u00bb sur votre bo\u00eete aux lettres \u00e0 Grenoble"},"content":{"rendered":"<p itemprop=\"description\"><strong>Apr\u00e8s trois ann\u00e9es d\u2019exp\u00e9rimentation, l\u2019\u00e9tiquette \u00ab\u00a0Oui pub\u00a0\u00bb ne va pas \u00eatre prolong\u00e9e \u00e0 Grenoble. Il faudra donc coller de nouveau une affichette sur votre bo\u00eete aux lettres si vous ne souhaitez recevoir des prospectus.<\/strong><\/p>\n<p class=\"x_MsoNormal\" style=\"color: #242424; font-style: normal; font-variant-ligatures: normal; font-variant-caps: normal; font-weight: 400; letter-spacing: normal; orphans: 2; text-align: start; text-indent: 0px; text-transform: none; widows: 2; word-spacing: 0px; -webkit-text-stroke-width: 0px; white-space: normal; background-color: #ffffff; text-decoration-thickness: initial; text-decoration-style: initial; text-decoration-color: initial; margin: 0cm 0cm 8pt; line-height: 18.4px; font-size: 12pt; font-family: Calibri, sans-serif;\">\u00ab\u00a0Oui pub\u00a0\u00bb : voici le nom de l\u2019exp\u00e9rimentation test\u00e9e par 14 m\u00e9tropoles en France, dont celle de Grenoble depuis 2022. L\u2019objectif \u00e9tait d\u2019\u00e9viter de syst\u00e9matiquement coller une \u00e9tiquette \u00ab\u00a0Stop pub\u00a0\u00bb pour \u00e9viter de recevoir des prospectus dans la bo\u00eete aux lettres, mais de ne montrer uniquement si l\u2019on \u00e9tait favorables ou non.<\/p>\n<p class=\"x_MsoNormal\" style=\"color: #242424; font-style: normal; font-variant-ligatures: normal; font-variant-caps: normal; font-weight: 400; letter-spacing: normal; orphans: 2; text-align: start; text-indent: 0px; text-transform: none; widows: 2; word-spacing: 0px; -webkit-text-stroke-width: 0px; white-space: normal; background-color: #ffffff; text-decoration-thickness: initial; text-decoration-style: initial; text-decoration-color: initial; margin: 0cm 0cm 8pt; line-height: 18.4px; font-size: 12pt; font-family: Calibri, sans-serif;\"><strong>Des probl\u00e8mes \u00e9conomiques dans le viseur<\/strong><\/p>\n<p class=\"x_MsoNormal\" style=\"color: #242424; font-style: normal; font-variant-ligatures: normal; font-variant-caps: normal; font-weight: 400; letter-spacing: normal; orphans: 2; text-align: start; text-indent: 0px; text-transform: none; widows: 2; word-spacing: 0px; -webkit-text-stroke-width: 0px; white-space: normal; background-color: #ffffff; text-decoration-thickness: initial; text-decoration-style: initial; text-decoration-color: initial; margin: 0cm 0cm 8pt; line-height: 18.4px; font-size: 12pt; font-family: Calibri, sans-serif;\">Trois ans apr\u00e8s le lancement de ce test, le Commissariat g\u00e9n\u00e9ral au d\u00e9veloppement durable (CGDD), un organisme du minist\u00e8re de la Transition \u00e9cologique, a d\u00e9cid\u00e9 d\u2019arr\u00eater l\u2019exp\u00e9rimentation pour deux raisons. Tout d\u2019abord, parce que ce test serait \u00ab\u00a0sans conclusion unanime sur les cons\u00e9quences d&rsquo;un passage du Stop pub au Oui pub\u00a0\u00bb. Puis, parce que les imprimeurs et distributeurs de ces affiches rencontrent \u00ab\u00a0une situation \u00e9conomique tr\u00e8s difficile\u00a0\u00bb.<\/p>\n<p class=\"x_MsoNormal\" style=\"color: #242424; font-style: normal; font-variant-ligatures: normal; font-variant-caps: normal; font-weight: 400; letter-spacing: normal; orphans: 2; text-align: start; text-indent: 0px; text-transform: none; widows: 2; word-spacing: 0px; -webkit-text-stroke-width: 0px; white-space: normal; background-color: #ffffff; text-decoration-thickness: initial; text-decoration-style: initial; text-decoration-color: initial; margin: 0cm 0cm 8pt; line-height: 18.4px; font-size: 12pt; font-family: Calibri, sans-serif;\">Il vous faudra donc revenir aux sources en collant une \u00e9tiquette \u00ab\u00a0Stop pub\u00a0\u00bb sur votre bo\u00eete aux lettres si vous ne souhaitez pas recevoir de la publicit\u00e9.<\/p>\n","protected":false},"excerpt":{"rendered":"Apr\u00e8s trois ann\u00e9es d\u2019exp\u00e9rimentation, l\u2019\u00e9tiquette \u00ab\u00a0Oui pub\u00a0\u00bb ne va pas \u00eatre prolong\u00e9e \u00e0 Grenoble. Il faudra donc coller&hellip;\n","protected":false},"author":2,"featured_media":93840,"comment_status":"","ping_status":"","sticky":false,"template":"","format":"standard","meta":{"footnotes":""},"categories":[9566],"tags":[1111,11,7733,8279,2430,7736,650,7734,2889,2263,1777,674,1011,27,2731,8280,6417,1114,108,4662,12,3725,1825,25,7737],"class_list":{"0":"post-93839","1":"post","2":"type-post","3":"status-publish","4":"format-standard","5":"has-post-thumbnail","7":"category-grenoble","8":"tag-actu","9":"tag-actualites","10":"tag-alpes","11":"tag-alpes1","12":"tag-auvergne-rhone-alpes","13":"tag-cds","14":"tag-cinema","15":"tag-ecoute","16":"tag-emission","17":"tag-equipe","18":"tag-eu","19":"tag-europe","20":"tag-fr","21":"tag-france","22":"tag-grenoble","23":"tag-haute","24":"tag-information","25":"tag-infos","26":"tag-isere","27":"tag-journal","28":"tag-news","29":"tag-podcast","30":"tag-radio","31":"tag-republique-francaise","32":"tag-winamp"},"share_on_mastodon":{"url":"https:\/\/pubeurope.com\/@fr\/114494075316939028","error":""},"_links":{"self":[{"href":"https:\/\/www.europesays.com\/fr\/wp-json\/wp\/v2\/posts\/93839","targetHints":{"allow":["GET"]}}],"collection":[{"href":"https:\/\/www.europesays.com\/fr\/wp-json\/wp\/v2\/posts"}],"about":[{"href":"https:\/\/www.europesays.com\/fr\/wp-json\/wp\/v2\/types\/post"}],"author":[{"embeddable":true,"href":"https:\/\/www.europesays.com\/fr\/wp-json\/wp\/v2\/users\/2"}],"replies":[{"embeddable":true,"href":"https:\/\/www.europesays.com\/fr\/wp-json\/wp\/v2\/comments?post=93839"}],"version-history":[{"count":0,"href":"https:\/\/www.europesays.com\/fr\/wp-json\/wp\/v2\/posts\/93839\/revisions"}],"wp:featuredmedia":[{"embeddable":true,"href":"https:\/\/www.europesays.com\/fr\/wp-json\/wp\/v2\/media\/93840"}],"wp:attachment":[{"href":"https:\/\/www.europesays.com\/fr\/wp-json\/wp\/v2\/media?parent=93839"}],"wp:term":[{"taxonomy":"category","embeddable":true,"href":"https:\/\/www.europesays.com\/fr\/wp-json\/wp\/v2\/categories?post=93839"},{"taxonomy":"post_tag","embeddable":true,"href":"https:\/\/www.europesays.com\/fr\/wp-json\/wp\/v2\/tags?post=93839"}],"curies":[{"name":"wp","href":"https:\/\/api.w.org\/{rel}","templated":true}]}}