{"id":93843,"date":"2025-05-12T09:09:08","date_gmt":"2025-05-12T09:09:08","guid":{"rendered":"https:\/\/www.europesays.com\/fr\/93843\/"},"modified":"2025-05-12T09:09:08","modified_gmt":"2025-05-12T09:09:08","slug":"le-batiment-78-nouveau-totem-de-lindustrie-bas-carbone-a-rennes","status":"publish","type":"post","link":"https:\/\/www.europesays.com\/fr\/93843\/","title":{"rendered":"Le B\u00e2timent 78, nouveau totem de l\u2019industrie bas-carbone \u00e0 Rennes"},"content":{"rendered":"<p><strong>\u00ab\u00a0<\/strong>On peut faire du d\u00e9veloppement \u00e9conomique, du d\u00e9veloppement industriel tout en envisageant la d\u00e9carbonation. Le site de Stellantis \u00e0 La Janais \u00e0 Rennes en est un parfait exemple\u00a0\u00bb assurait d\u00e9but avril S\u00e9bastien S\u00e9meril, lors de l&rsquo;inauguration de la nouvelle chaufferie biomasse de Stellantis. \u00ab\u00a0Nous envisageons d&rsquo;y d\u00e9velopper l&rsquo;industrie bas-carbone de demain. Le B\u00e2timent 78 sera le fleuron du p\u00f4le d&rsquo;excellence industrielle et offre la capacit\u00e9 d&rsquo;envisager de nouvelles incubations industrielles\u00a0\u00bb ajoutait le vice-pr\u00e9sident de Rennes M\u00e9tropole en charge de l&rsquo;\u00c9conomie et de l&rsquo;Emploi.<\/p>\n<p>En d\u00e9pit du bilan mitig\u00e9 publi\u00e9 en septembre dernier par le cabinet Trendeo, qui montrait comment la r\u00e9industrialisation en France avait marqu\u00e9 le pas au premier semestre 2024 avec un ralentissement dans les cr\u00e9ations d&rsquo;usine, Rennes M\u00e9tropole parie sur le fait que la comp\u00e9tition industrielle mondiale se jouera, au bout du compte, \u00e0 l&rsquo;aune de la d\u00e9carbonation.<\/p>\n","protected":false},"excerpt":{"rendered":"\u00ab\u00a0On peut faire du d\u00e9veloppement \u00e9conomique, du d\u00e9veloppement industriel tout en envisageant la d\u00e9carbonation. Le site de Stellantis&hellip;\n","protected":false},"author":2,"featured_media":93844,"comment_status":"","ping_status":"","sticky":false,"template":"","format":"standard","meta":{"footnotes":""},"categories":[2821],"tags":[17,3626,1111,11,20636,4807,829,1129,1777,674,1011,27,20635,12,4565,584,25,20634],"class_list":{"0":"post-93843","1":"post","2":"type-post","3":"status-publish","4":"format-standard","5":"has-post-thumbnail","7":"category-rennes","8":"tag-17","9":"tag-3626","10":"tag-actu","11":"tag-actualites","12":"tag-bas-carbone","13":"tag-batiment","14":"tag-bretagne","15":"tag-climat","16":"tag-eu","17":"tag-europe","18":"tag-fr","19":"tag-france","20":"tag-lindustrie","21":"tag-news","22":"tag-nouveau","23":"tag-rennes","24":"tag-republique-francaise","25":"tag-totem"},"share_on_mastodon":{"url":"https:\/\/pubeurope.com\/@fr\/114494083213997868","error":""},"_links":{"self":[{"href":"https:\/\/www.europesays.com\/fr\/wp-json\/wp\/v2\/posts\/93843","targetHints":{"allow":["GET"]}}],"collection":[{"href":"https:\/\/www.europesays.com\/fr\/wp-json\/wp\/v2\/posts"}],"about":[{"href":"https:\/\/www.europesays.com\/fr\/wp-json\/wp\/v2\/types\/post"}],"author":[{"embeddable":true,"href":"https:\/\/www.europesays.com\/fr\/wp-json\/wp\/v2\/users\/2"}],"replies":[{"embeddable":true,"href":"https:\/\/www.europesays.com\/fr\/wp-json\/wp\/v2\/comments?post=93843"}],"version-history":[{"count":0,"href":"https:\/\/www.europesays.com\/fr\/wp-json\/wp\/v2\/posts\/93843\/revisions"}],"wp:featuredmedia":[{"embeddable":true,"href":"https:\/\/www.europesays.com\/fr\/wp-json\/wp\/v2\/media\/93844"}],"wp:attachment":[{"href":"https:\/\/www.europesays.com\/fr\/wp-json\/wp\/v2\/media?parent=93843"}],"wp:term":[{"taxonomy":"category","embeddable":true,"href":"https:\/\/www.europesays.com\/fr\/wp-json\/wp\/v2\/categories?post=93843"},{"taxonomy":"post_tag","embeddable":true,"href":"https:\/\/www.europesays.com\/fr\/wp-json\/wp\/v2\/tags?post=93843"}],"curies":[{"name":"wp","href":"https:\/\/api.w.org\/{rel}","templated":true}]}}