{"id":93851,"date":"2025-05-12T09:13:09","date_gmt":"2025-05-12T09:13:09","guid":{"rendered":"https:\/\/www.europesays.com\/fr\/93851\/"},"modified":"2025-05-12T09:13:09","modified_gmt":"2025-05-12T09:13:09","slug":"manifestation-des-pecheurs-azureens-contre-les-normes-europeennes-et-nationales-qui-mettent-en-danger-la-peche-artisanale","status":"publish","type":"post","link":"https:\/\/www.europesays.com\/fr\/93851\/","title":{"rendered":"Manifestation des p\u00eacheurs azur\u00e9ens contre les normes europ\u00e9ennes et nationales qui \u00ab\u00a0mettent en danger la p\u00eache artisanale\u00a0\u00bb"},"content":{"rendered":"<p>\u00ab\u00a0Nous voulons qu\u2019on prenne en compte notre sp\u00e9cificit\u00e9 de p\u00eache artisanale et qu\u2019on arr\u00eate de nous mettre des b\u00e2tons dans les roues et des restrictions qui n\u2019ont aucun sens pour nous.\u00a0\u00bb<\/p>\n<p>Ce lundi matin ils \u00e9taient une cinquantaine \u00e0 \u00eatre mobilis\u00e9s devant la pr\u00e9fecture des Alpes-Maritimes. Des p\u00eacheurs de Nice, Antibes ou encore Cannes venus dire leur inqui\u00e9tude quant \u00e0 leur avenir face \u00e0 de nouvelles restrictions.<\/p>\n<p>\u00ab\u00a0Aujourd\u2019hui nous tirons la sonnette d\u2019alarme face \u00e0 une accumulation de contraintes r\u00e9glementaires, techniques et administratives qui menacent directement notre m\u00e9tier,\u00a0explique un p\u00eacheur antibois. Nous appelons \u00e0 un dialogue institutionnalis\u00e9 avec nos repr\u00e9sentants et pas \u00e0 des r\u00e8gles qu\u2019on nous impose sans conna\u00eetre notre fa\u00e7on de travailler.\u00a0\u00bb<\/p>\n<p>\u00ab\u00a0Faire dispara\u00eetre les petits que nous sommes\u00a0\u00bb<\/p>\n<p>Ils mettent en avant 7 revendications principales: des quotas inadapt\u00e9s et d\u00e9connect\u00e9s du terrain qui ne tiennent pas compte des sp\u00e9cificit\u00e9s de la p\u00eache en M\u00e9diterran\u00e9e; une obligation de g\u00e9olocalisation (VMS) disproportionn\u00e9e avec un dispositif inadapt\u00e9 pour leurs embarcations de moins de 12 m\u00e8tres; une complexit\u00e9 administrative qui est devenue invivable; une r\u00e9glementation dissuasive notamment pour la vente directe aux restaurants; une r\u00e9duction constante des zones de p\u00eache de pr\u00e8s de 40 % en dix ans; des contr\u00f4les mal cibl\u00e9s et per\u00e7us comme injustes; un d\u00e9s\u00e9quilibre avec la p\u00eache de loisir et le braconnage.<\/p>\n<p>\u00ab\u00a0Aujourd\u2019hui on nous met dans le m\u00eame panier que les grosses unit\u00e9s de p\u00eache et on nous impose les m\u00eames r\u00e8gles. Cela n\u2019a aucun sens sauf \u00e0 vouloir faire dispara\u00eetre les petits que nous sommes pour ne garder que les gros.\u00a0\u00bb<\/p>\n","protected":false},"excerpt":{"rendered":"\u00ab\u00a0Nous voulons qu\u2019on prenne en compte notre sp\u00e9cificit\u00e9 de p\u00eache artisanale et qu\u2019on arr\u00eate de nous mettre des&hellip;\n","protected":false},"author":2,"featured_media":93852,"comment_status":"","ping_status":"","sticky":false,"template":"","format":"standard","meta":{"footnotes":""},"categories":[2819],"tags":[1111,11,1777,674,332,1011,27,12,2401,882,25],"class_list":{"0":"post-93851","1":"post","2":"type-post","3":"status-publish","4":"format-standard","5":"has-post-thumbnail","7":"category-nice","8":"tag-actu","9":"tag-actualites","10":"tag-eu","11":"tag-europe","12":"tag-faits-de-societe","13":"tag-fr","14":"tag-france","15":"tag-news","16":"tag-nice","17":"tag-provence-alpes-cote-dazur","18":"tag-republique-francaise"},"share_on_mastodon":{"url":"https:\/\/pubeurope.com\/@fr\/114494099003505611","error":""},"_links":{"self":[{"href":"https:\/\/www.europesays.com\/fr\/wp-json\/wp\/v2\/posts\/93851","targetHints":{"allow":["GET"]}}],"collection":[{"href":"https:\/\/www.europesays.com\/fr\/wp-json\/wp\/v2\/posts"}],"about":[{"href":"https:\/\/www.europesays.com\/fr\/wp-json\/wp\/v2\/types\/post"}],"author":[{"embeddable":true,"href":"https:\/\/www.europesays.com\/fr\/wp-json\/wp\/v2\/users\/2"}],"replies":[{"embeddable":true,"href":"https:\/\/www.europesays.com\/fr\/wp-json\/wp\/v2\/comments?post=93851"}],"version-history":[{"count":0,"href":"https:\/\/www.europesays.com\/fr\/wp-json\/wp\/v2\/posts\/93851\/revisions"}],"wp:featuredmedia":[{"embeddable":true,"href":"https:\/\/www.europesays.com\/fr\/wp-json\/wp\/v2\/media\/93852"}],"wp:attachment":[{"href":"https:\/\/www.europesays.com\/fr\/wp-json\/wp\/v2\/media?parent=93851"}],"wp:term":[{"taxonomy":"category","embeddable":true,"href":"https:\/\/www.europesays.com\/fr\/wp-json\/wp\/v2\/categories?post=93851"},{"taxonomy":"post_tag","embeddable":true,"href":"https:\/\/www.europesays.com\/fr\/wp-json\/wp\/v2\/tags?post=93851"}],"curies":[{"name":"wp","href":"https:\/\/api.w.org\/{rel}","templated":true}]}}