{"id":93856,"date":"2025-05-12T09:16:13","date_gmt":"2025-05-12T09:16:13","guid":{"rendered":"https:\/\/www.europesays.com\/fr\/93856\/"},"modified":"2025-05-12T09:16:13","modified_gmt":"2025-05-12T09:16:13","slug":"alban-lafont-se-regale-avec-la-reserve-du-fc-nantes-en-national-3-12-05-2025-a-1025","status":"publish","type":"post","link":"https:\/\/www.europesays.com\/fr\/93856\/","title":{"rendered":"Alban Lafont se r\u00e9gale avec la r\u00e9serve du FC Nantes en National 3 &#8211; 12\/05\/2025 \u00e0 10:25"},"content":{"rendered":"<p>        <img fetchpriority=\"high\" decoding=\"async\" src=\"https:\/\/www.europesays.com\/fr\/wp-content\/uploads\/2025\/05\/e0b1dcbfd0230aab5c3177d05feba067-760x507.jpg\" alt=\"Alban Lafont se r\u00e9gale avec la r\u00e9serve du FC Nantes en National 3\" loading=\"eager\" width=\"760\" height=\"507\" style=\"max-width: 100%!important; height: auto;\"\/><\/p>\n<p class=\"c-image-news__legend\">Alban Lafont se r\u00e9gale avec la r\u00e9serve du FC Nantes en National 3<\/p>\n<p>\n Il vaut mieux jouer la mont\u00e9e en National 3 ou le maintien en Ligue 1 ?\n<\/p>\n<p>\n <strong><br \/>\n  Mis \u00e0 l\u2019\u00e9cart du groupe professionnel depuis fin d\u00e9cembre<br \/>\n <\/strong><br \/>\n ,<br \/>\n <strong><br \/>\n  Alban Lafont<br \/>\n <\/strong><br \/>\n est certes toujours un joueur du FC Nantes, mais de la r\u00e9serve du club. L\u2019\u00e9quipe qui \u00e9volue en National 3 semble parfaitement lui aller avant de (probablement) quitter la Loire-Atlantique cet \u00e9t\u00e9, au point de<br \/>\n <strong><br \/>\n  redonner le sourire<br \/>\n <\/strong><br \/>\n au portier de 26 ans.\u2026\n<\/p>\n<p>\n <strong><br \/>\n  QT pour SOFOOT.com<br \/>\n <\/strong>\n<\/p>\n<p><a data-tag-commander-click=\"{&quot;label&quot;: &quot;articles::lire_la_suite_site_partenaire::so_foot::alban_lafont_se_regale_avec_la_reserve_du_fc_nantes_en_national_3&quot;, &quot;s2&quot;: 2, &quot;type&quot;: &quot;exit&quot;}\" target=\"_blank\" rel=\"noopener noreferrer canonical nofollow\" class=\"lienExterne c-link c-link--animated u-text-size-lg\" href=\"https:\/\/www.sofoot.com\/breves\/alban-lafont-se-regale-avec-la-reserve-du-fc-nantes-en-national-3\">Lire la suite de l&rsquo;article sur SoFoot.com<\/a><\/p>\n","protected":false},"excerpt":{"rendered":"Alban Lafont se r\u00e9gale avec la r\u00e9serve du FC Nantes en National 3 Il vaut mieux jouer la&hellip;\n","protected":false},"author":2,"featured_media":93857,"comment_status":"","ping_status":"","sticky":false,"template":"","format":"standard","meta":{"footnotes":""},"categories":[2818],"tags":[400,1111,11,398,408,405,1777,674,1011,27,403,402,399,404,766,12,2636,25,401,406,407],"class_list":{"0":"post-93856","1":"post","2":"type-post","3":"status-publish","4":"format-standard","5":"has-post-thumbnail","7":"category-nantes","8":"tag-action-cac-40","9":"tag-actu","10":"tag-actualites","11":"tag-bourse-de-paris","12":"tag-boursorama","13":"tag-cotations","14":"tag-eu","15":"tag-europe","16":"tag-fr","17":"tag-france","18":"tag-indices-devises","19":"tag-investir","20":"tag-investissement","21":"tag-marche-boursier","22":"tag-nantes","23":"tag-news","24":"tag-pays-de-la-loire","25":"tag-republique-francaise","26":"tag-sicav","27":"tag-trackers","28":"tag-warrants"},"share_on_mastodon":{"url":"https:\/\/pubeurope.com\/@fr\/114494110711106914","error":""},"_links":{"self":[{"href":"https:\/\/www.europesays.com\/fr\/wp-json\/wp\/v2\/posts\/93856","targetHints":{"allow":["GET"]}}],"collection":[{"href":"https:\/\/www.europesays.com\/fr\/wp-json\/wp\/v2\/posts"}],"about":[{"href":"https:\/\/www.europesays.com\/fr\/wp-json\/wp\/v2\/types\/post"}],"author":[{"embeddable":true,"href":"https:\/\/www.europesays.com\/fr\/wp-json\/wp\/v2\/users\/2"}],"replies":[{"embeddable":true,"href":"https:\/\/www.europesays.com\/fr\/wp-json\/wp\/v2\/comments?post=93856"}],"version-history":[{"count":0,"href":"https:\/\/www.europesays.com\/fr\/wp-json\/wp\/v2\/posts\/93856\/revisions"}],"wp:featuredmedia":[{"embeddable":true,"href":"https:\/\/www.europesays.com\/fr\/wp-json\/wp\/v2\/media\/93857"}],"wp:attachment":[{"href":"https:\/\/www.europesays.com\/fr\/wp-json\/wp\/v2\/media?parent=93856"}],"wp:term":[{"taxonomy":"category","embeddable":true,"href":"https:\/\/www.europesays.com\/fr\/wp-json\/wp\/v2\/categories?post=93856"},{"taxonomy":"post_tag","embeddable":true,"href":"https:\/\/www.europesays.com\/fr\/wp-json\/wp\/v2\/tags?post=93856"}],"curies":[{"name":"wp","href":"https:\/\/api.w.org\/{rel}","templated":true}]}}