{"id":93868,"date":"2025-05-12T09:22:08","date_gmt":"2025-05-12T09:22:08","guid":{"rendered":"https:\/\/www.europesays.com\/fr\/93868\/"},"modified":"2025-05-12T09:22:08","modified_gmt":"2025-05-12T09:22:08","slug":"femme-tombee-dun-manege-a-lille-lexploitant-sera-juge","status":"publish","type":"post","link":"https:\/\/www.europesays.com\/fr\/93868\/","title":{"rendered":"Femme tomb\u00e9e d&rsquo;un man\u00e8ge \u00e0 Lille: l&rsquo;exploitant sera jug\u00e9"},"content":{"rendered":"<p>L&rsquo;exploitant du man\u00e8ge d&rsquo;o\u00f9 une femme est tomb\u00e9e dans la nuit de vendredi \u00e0 samedi \u00e0 Lille a \u00e9t\u00e9 plac\u00e9 sous contr\u00f4le judiciaire et sera jug\u00e9 en octobre pour manquement aux obligations de s\u00e9curit\u00e9, a annonc\u00e9 le parquet ce lundi. Une enqu\u00eate a \u00e9t\u00e9 ouverte pour \u00ab\u00a0blessures involontaires suite \u00e0 une violation manifestement d\u00e9lib\u00e9r\u00e9 d&rsquo;une obligation de prudence ou de s\u00e9curit\u00e9 par l&rsquo;exploitant du man\u00e8ge\u00a0\u00bb, a indiqu\u00e9 \u00e0 l&rsquo;AFP la procureure de Lille Carole Etienne.<\/p>\n<p>Plac\u00e9 en garde \u00e0 vue puis lib\u00e9r\u00e9 sous contr\u00f4le judiciaire, l&rsquo;exploitant du man\u00e8ge sera jug\u00e9 le 22 octobre 2025.\u00a0 Samedi vers 2H00 du matin, lors\u00a0du festival Madame Loyal, m\u00ealant f\u00eate foraine, musique \u00e9lectronique et cirque, \u00ab\u00a0une jeune femme a pris place avec des amis sur un man\u00e8ge type chaise haute (&#8230;) et chut\u00e9 quelques minutes apr\u00e8s la mise en marche du man\u00e8ge\u00a0\u00bb, rapporte la procureure.\u00a0<\/p>\n<p>\u00ab\u00a0Les investigations ont montr\u00e9 que la victime n&rsquo;\u00e9tait pas accroch\u00e9e correctement et que l&rsquo;exploitant du man\u00e8ge n&rsquo;avait pas v\u00e9rifi\u00e9 un \u00e0 un que les clients \u00e9taient bien attach\u00e9s au moment o\u00f9 il a r\u00e9cup\u00e9r\u00e9 les tickets\u00a0\u00bb, poursuit Mme Etienne.<\/p>\n<p>\u00ab\u00a0Il a mis en marche le man\u00e8ge et quitt\u00e9 les lieux sans rester \u00e0 proximit\u00e9\u00a0\u00bb, ce qui l&rsquo;a emp\u00each\u00e9 \u00ab\u00a0de r\u00e9agir rapidement en actionnant le bouton d&rsquo;arr\u00eat d&rsquo;urgence\u00a0\u00bb. \u00c2g\u00e9e de 28 ans, la victime s&rsquo;est vu reconna\u00eetre une incapacit\u00e9 totale de travail (ITT) d&rsquo;un mois.<\/p>\n","protected":false},"excerpt":{"rendered":"L&rsquo;exploitant du man\u00e8ge d&rsquo;o\u00f9 une femme est tomb\u00e9e dans la nuit de vendredi \u00e0 samedi \u00e0 Lille a&hellip;\n","protected":false},"author":2,"featured_media":93869,"comment_status":"","ping_status":"","sticky":false,"template":"","format":"standard","meta":{"footnotes":""},"categories":[2815],"tags":[17,1111,11,2837,1777,674,274,1294,1011,27,811,20638,1307,20637,12,25,11270,96],"class_list":{"0":"post-93868","1":"post","2":"type-post","3":"status-publish","4":"format-standard","5":"has-post-thumbnail","7":"category-lille","8":"tag-17","9":"tag-actu","10":"tag-actualites","11":"tag-dun","12":"tag-eu","13":"tag-europe","14":"tag-faits-divers-justice","15":"tag-femme","16":"tag-fr","17":"tag-france","18":"tag-hauts-de-france","19":"tag-lexploitant","20":"tag-lille","21":"tag-manege","22":"tag-news","23":"tag-republique-francaise","24":"tag-tombe","25":"tag-une"},"share_on_mastodon":{"url":"https:\/\/pubeurope.com\/@fr\/114494134240174884","error":""},"_links":{"self":[{"href":"https:\/\/www.europesays.com\/fr\/wp-json\/wp\/v2\/posts\/93868","targetHints":{"allow":["GET"]}}],"collection":[{"href":"https:\/\/www.europesays.com\/fr\/wp-json\/wp\/v2\/posts"}],"about":[{"href":"https:\/\/www.europesays.com\/fr\/wp-json\/wp\/v2\/types\/post"}],"author":[{"embeddable":true,"href":"https:\/\/www.europesays.com\/fr\/wp-json\/wp\/v2\/users\/2"}],"replies":[{"embeddable":true,"href":"https:\/\/www.europesays.com\/fr\/wp-json\/wp\/v2\/comments?post=93868"}],"version-history":[{"count":0,"href":"https:\/\/www.europesays.com\/fr\/wp-json\/wp\/v2\/posts\/93868\/revisions"}],"wp:featuredmedia":[{"embeddable":true,"href":"https:\/\/www.europesays.com\/fr\/wp-json\/wp\/v2\/media\/93869"}],"wp:attachment":[{"href":"https:\/\/www.europesays.com\/fr\/wp-json\/wp\/v2\/media?parent=93868"}],"wp:term":[{"taxonomy":"category","embeddable":true,"href":"https:\/\/www.europesays.com\/fr\/wp-json\/wp\/v2\/categories?post=93868"},{"taxonomy":"post_tag","embeddable":true,"href":"https:\/\/www.europesays.com\/fr\/wp-json\/wp\/v2\/tags?post=93868"}],"curies":[{"name":"wp","href":"https:\/\/api.w.org\/{rel}","templated":true}]}}