{"id":93887,"date":"2025-05-12T09:32:09","date_gmt":"2025-05-12T09:32:09","guid":{"rendered":"https:\/\/www.europesays.com\/fr\/93887\/"},"modified":"2025-05-12T09:32:09","modified_gmt":"2025-05-12T09:32:09","slug":"un-magasin-louis-vuitton-attaque-a-la-voiture-belier","status":"publish","type":"post","link":"https:\/\/www.europesays.com\/fr\/93887\/","title":{"rendered":"un magasin Louis Vuitton attaqu\u00e9 \u00e0 la voiture b\u00e9lier"},"content":{"rendered":"<p>                             Par Esther Paolini<\/p>\n<p>                Il y a 13 minutes<\/p>\n<p>\u00a0\u00bb<br \/>\n        data-script=\u00a0\u00bbhttps:\/\/static.lefigaro.fr\/widget-video\/short-ttl\/video\/index.js\u00a0\u00bb<br \/>\n    &gt;<\/p>\n<p>L\u2019attaque a eu lieu boulevard Saint Germain, dans le 6e arrondissement de Paris. C\u2019est la troisi\u00e8me fois en un an que la boutique est la cible de cambriolages violents.<\/p>\n<p class=\"fig-paragraph\">Trois fois en moins d\u2019un an. Ce lundi matin, le magasin Louis Vuitton du 6e arrondissement de Paris a \u00e9t\u00e9 la cible d\u2019un braquage \u00e0 l\u2019aide d\u2019une voiture b\u00e9lier, a indiqu\u00e9 une source polici\u00e8re au Figaro, confirmant les informations d\u2019<a href=\"https:\/\/actu17.fr\/faits-divers\/paris-la-boutique-louis-vuitton-du-vie-arrondissement-encore-visee-par-un-cambriolage-a-la-voiture-belier.html\" target=\"_blank\" rel=\"nofollow noopener\" data-gtm-custom-categorie=\"navigation\" data-gtm-custom-action=\"crossclick\" data-gtm-custom-label=\"Contextuel\" data-gtm-event=\"customEventSPE\">Actu 17<\/a>. Une enqu\u00eate a \u00e9t\u00e9 ouverte par le parquet de Paris.<\/p>\n<p class=\"fig-paragraph\">Les faits se sont d\u00e9roul\u00e9s aux alentours de 5h30 ce matin. Trois individus cagoul\u00e9s ont fonc\u00e9 dans la boutique \u00e0 bord d\u2019une berline grise, une Audi A4 avec une plaque italienne. Notre source polici\u00e8re nous indique qu\u2019ils avaient \u00e9galement \u00abun gyrophare bleu pos\u00e9 sur le tableau de bord\u00bb. Ils se sont empar\u00e9s de nombreuses marchandises avant de prendre la fuite en direction de l\u2019autoroute A4. Pour l\u2019heure, les suspects n\u2019ont pas \u00e9t\u00e9 interpell\u00e9s et le pr\u00e9judice n\u2019est pas encore connu.<\/p>\n<p>D\u00e9j\u00e0 900.000 euros de pr\u00e9judice en septembre<\/p>\n<p class=\"fig-paragraph\">Ce n\u2019est pas la premi\u00e8re fois que cette boutique est prise pour cible. Elle avait d\u00e9j\u00e0 \u00e9t\u00e9\u00a0<a href=\"http:\/\/www.lefigaro.fr\/faits-divers\/paris-vaste-cambriolage-dans-le-magasin-louis-vuitton-du-boulevard-saint-germain-les-auteurs-en-fuite-20240930\" target=\"_blank\" data-fig-type=\"NewsFlash\" rel=\"noopener\" data-gtm-custom-categorie=\"navigation\" data-gtm-custom-action=\"crossclick\" data-gtm-custom-label=\"Contextuel\" data-gtm-event=\"customEventSPE\" data-fig-domain=\"LEFIGARO\">cambriol\u00e9e une premi\u00e8re fois le 30 septembre<\/a>, \u00e9galement \u00e0 l\u2019aide d\u2019un v\u00e9hicule. En l\u2019espace de quatre minutes, ils avaient d\u00e9rob\u00e9 une grande partie de la marchandise de l\u2019enseigne, soit plus de 100 articles de luxe vol\u00e9s. Le pr\u00e9judice du vol \u00e9tait estim\u00e9 \u00e0 900.000 euros.<\/p>\n<p class=\"fig-paragraph\"><a href=\"http:\/\/www.lefigaro.fr\/faits-divers\/paris-une-enquete-ouverte-apres-le-cambriolage-d-une-boutique-louis-vuitton-boulevard-saint-germain-20241111\" target=\"_blank\" data-fig-type=\"NewsFlash\" rel=\"noopener\" data-gtm-custom-categorie=\"navigation\" data-gtm-custom-action=\"crossclick\" data-gtm-custom-label=\"Contextuel\" data-gtm-event=\"customEventSPE\" data-fig-domain=\"LEFIGARO\">Puis de nouveau le 11 novembre<\/a>, vers 4h30, \u00abdes individus ont p\u00e9n\u00e9tr\u00e9 dans le commerce en utilisant un v\u00e9hicule pour briser la vitrine et ont emport\u00e9 des marchandises\u00bb, avait \u00e0 l\u2019\u00e9poque indiqu\u00e9 une source polici\u00e8re au Figaro, pr\u00e9cisant que le pr\u00e9judice restait \u00e0 d\u00e9terminer. \u00abDe la maroquinerie a \u00e9t\u00e9 d\u00e9rob\u00e9e\u00bb, avait pr\u00e9cis\u00e9 le parquet, sans estimer alors le montant du butin. Trois personnes avaient ensuite\u00a0<a href=\"http:\/\/www.lefigaro.fr\/flash-eco\/paris-trois-suspects-incarceres-pour-un-cambriolage-a-la-voiture-belier-d-un-magasin-louis-vuitton-20250117\" data-fig-type=\"NewsFlash\" data-gtm-custom-categorie=\"navigation\" data-gtm-custom-action=\"crossclick\" data-gtm-custom-label=\"Contextuel\" data-gtm-event=\"customEventSPE\" data-fig-domain=\"LEFIGARO\" target=\"_blank\" rel=\"noopener\">\u00e9t\u00e9 mises en examen<\/a>\u00a0mi-janvier et plac\u00e9es en d\u00e9tention provisoire, soup\u00e7onn\u00e9es d\u2019\u00eatre impliqu\u00e9es dans le cambriolage \u00aben bande organis\u00e9e\u00bb.<\/p>\n","protected":false},"excerpt":{"rendered":"Par Esther Paolini Il y a 13 minutes \u00a0\u00bb data-script=\u00a0\u00bbhttps:\/\/static.lefigaro.fr\/widget-video\/short-ttl\/video\/index.js\u00a0\u00bb &gt; L\u2019attaque a eu lieu boulevard Saint Germain,&hellip;\n","protected":false},"author":2,"featured_media":93888,"comment_status":"","ping_status":"","sticky":false,"template":"","format":"standard","meta":{"footnotes":""},"categories":[1888],"tags":[119,11,3694,271,2951,3695,1777,674,3696,118,1011,27,2825,1253,303,12,626,1072,2694,25,2949],"class_list":{"0":"post-93887","1":"post","2":"type-post","3":"status-publish","4":"format-standard","5":"has-post-thumbnail","7":"category-paris","8":"tag-accident","9":"tag-actualites","10":"tag-affaires","11":"tag-crime","12":"tag-criminalite","13":"tag-enquetes","14":"tag-eu","15":"tag-europe","16":"tag-evenements","17":"tag-faits-divers","18":"tag-fr","19":"tag-france","20":"tag-insecurite","21":"tag-islamisme","22":"tag-justice","23":"tag-news","24":"tag-paris","25":"tag-police","26":"tag-proces","27":"tag-republique-francaise","28":"tag-violences"},"share_on_mastodon":{"url":"https:\/\/pubeurope.com\/@fr\/114494173567065176","error":""},"_links":{"self":[{"href":"https:\/\/www.europesays.com\/fr\/wp-json\/wp\/v2\/posts\/93887","targetHints":{"allow":["GET"]}}],"collection":[{"href":"https:\/\/www.europesays.com\/fr\/wp-json\/wp\/v2\/posts"}],"about":[{"href":"https:\/\/www.europesays.com\/fr\/wp-json\/wp\/v2\/types\/post"}],"author":[{"embeddable":true,"href":"https:\/\/www.europesays.com\/fr\/wp-json\/wp\/v2\/users\/2"}],"replies":[{"embeddable":true,"href":"https:\/\/www.europesays.com\/fr\/wp-json\/wp\/v2\/comments?post=93887"}],"version-history":[{"count":0,"href":"https:\/\/www.europesays.com\/fr\/wp-json\/wp\/v2\/posts\/93887\/revisions"}],"wp:featuredmedia":[{"embeddable":true,"href":"https:\/\/www.europesays.com\/fr\/wp-json\/wp\/v2\/media\/93888"}],"wp:attachment":[{"href":"https:\/\/www.europesays.com\/fr\/wp-json\/wp\/v2\/media?parent=93887"}],"wp:term":[{"taxonomy":"category","embeddable":true,"href":"https:\/\/www.europesays.com\/fr\/wp-json\/wp\/v2\/categories?post=93887"},{"taxonomy":"post_tag","embeddable":true,"href":"https:\/\/www.europesays.com\/fr\/wp-json\/wp\/v2\/tags?post=93887"}],"curies":[{"name":"wp","href":"https:\/\/api.w.org\/{rel}","templated":true}]}}