{"id":9390,"date":"2025-04-08T04:49:16","date_gmt":"2025-04-08T04:49:16","guid":{"rendered":"https:\/\/www.europesays.com\/fr\/9390\/"},"modified":"2025-04-08T04:49:16","modified_gmt":"2025-04-08T04:49:16","slug":"dans-un-match-rugueux-et-ouvert-bayonne-elimine-par-les-bulls-sud-africains-video","status":"publish","type":"post","link":"https:\/\/www.europesays.com\/fr\/9390\/","title":{"rendered":"dans un match rugueux et ouvert, Bayonne \u00e9limin\u00e9 par les Bulls sud-africains (vid\u00e9o)"},"content":{"rendered":"<p>Ce samedi \u00e0 Jean-Dauger, l\u2019Aviron Bayonnais a \u00e9t\u00e9 \u00e9limin\u00e9 par les Blue Bulls (22-32) en 8e de finale de la Challenge Cup.<\/p>\n<p class=\"fig-paragraph\">Bayonne n\u2019aura pas d\u00e9m\u00e9rit\u00e9. Mais cela n\u2019aura pas suffi. En 8e de finale de Challenge Cup ce samedi \u00e0 Jean-Dauger, les Basques ont \u00e9t\u00e9 \u00e9limin\u00e9s par les Blue Bulls sud-africains (22-32) dans un match tr\u00e8s ouvert et engag\u00e9. Malgr\u00e9 un bon d\u00e9but de partie, les Bayonnais ont ensuite encaiss\u00e9 deux essais par Petersen (17e) Ludwig (40e). Gr\u00e2ce \u00e0 un essai, le troisi\u00e8me-ligne Bourdeau permettait aux siens de revenir (50e) mais le puissant Van Staden marquait un nouvel essai (70e).<\/p>\n<p class=\"fig-paragraph\">En fin de partie, le jeune ouvreur ou arri\u00e8re Tom Spring r\u00e9duisait la marque (77e), en vain. Bayonne disputait pour la premi\u00e8re fois de son histoire une phase finale de Coupe d\u2019Europe. Mais l\u2019aventure s\u2019arr\u00eate au stade des 8es de finale de Challenge Cup, sans avoir d\u00e9m\u00e9rit\u00e9.<\/p><\/p>\n","protected":false},"excerpt":{"rendered":"Ce samedi \u00e0 Jean-Dauger, l\u2019Aviron Bayonnais a \u00e9t\u00e9 \u00e9limin\u00e9 par les Blue Bulls (22-32) en 8e de finale&hellip;\n","protected":false},"author":2,"featured_media":9391,"comment_status":"","ping_status":"","sticky":false,"template":"","format":"standard","meta":{"footnotes":""},"categories":[1416],"tags":[4736,3463,525,2211,3460,1089,814,2396,1011,27,3462,955,2411,3464,2311,1980,479,1468,2259,60,2310,2312],"class_list":{"0":"post-9390","1":"post","2":"type-post","3":"status-publish","4":"format-standard","5":"has-post-thumbnail","7":"category-rugby","8":"tag-aviron-bayonnais","9":"tag-biarritz","10":"tag-calendrier","11":"tag-championnat-deurope","12":"tag-champions-cup","13":"tag-coupe-deurope","14":"tag-direct","15":"tag-finale","16":"tag-fr","17":"tag-france","18":"tag-leinster","19":"tag-match","20":"tag-munster","21":"tag-perpignan","22":"tag-racing","23":"tag-resultats","24":"tag-rugby","25":"tag-rugby-football","26":"tag-score","27":"tag-sports","28":"tag-toulon","29":"tag-toulouse"},"share_on_mastodon":{"url":"https:\/\/pubeurope.com\/@fr\/114300542190056061","error":""},"_links":{"self":[{"href":"https:\/\/www.europesays.com\/fr\/wp-json\/wp\/v2\/posts\/9390","targetHints":{"allow":["GET"]}}],"collection":[{"href":"https:\/\/www.europesays.com\/fr\/wp-json\/wp\/v2\/posts"}],"about":[{"href":"https:\/\/www.europesays.com\/fr\/wp-json\/wp\/v2\/types\/post"}],"author":[{"embeddable":true,"href":"https:\/\/www.europesays.com\/fr\/wp-json\/wp\/v2\/users\/2"}],"replies":[{"embeddable":true,"href":"https:\/\/www.europesays.com\/fr\/wp-json\/wp\/v2\/comments?post=9390"}],"version-history":[{"count":0,"href":"https:\/\/www.europesays.com\/fr\/wp-json\/wp\/v2\/posts\/9390\/revisions"}],"wp:featuredmedia":[{"embeddable":true,"href":"https:\/\/www.europesays.com\/fr\/wp-json\/wp\/v2\/media\/9391"}],"wp:attachment":[{"href":"https:\/\/www.europesays.com\/fr\/wp-json\/wp\/v2\/media?parent=9390"}],"wp:term":[{"taxonomy":"category","embeddable":true,"href":"https:\/\/www.europesays.com\/fr\/wp-json\/wp\/v2\/categories?post=9390"},{"taxonomy":"post_tag","embeddable":true,"href":"https:\/\/www.europesays.com\/fr\/wp-json\/wp\/v2\/tags?post=9390"}],"curies":[{"name":"wp","href":"https:\/\/api.w.org\/{rel}","templated":true}]}}