{"id":93914,"date":"2025-05-12T09:48:10","date_gmt":"2025-05-12T09:48:10","guid":{"rendered":"https:\/\/www.europesays.com\/fr\/93914\/"},"modified":"2025-05-12T09:48:10","modified_gmt":"2025-05-12T09:48:10","slug":"jorge-martin-veut-se-liberer-de-son-contrat-avec-aprilia","status":"publish","type":"post","link":"https:\/\/www.europesays.com\/fr\/93914\/","title":{"rendered":"Jorge Mart\u00edn veut se lib\u00e9rer de son contrat avec Aprilia"},"content":{"rendered":"<p>D&rsquo;apr\u00e8s les informations de <strong>Motorsport.com<\/strong>, <a href=\"https:\/\/fr.motorsport.com\/driver\/jorge-martin\/109391\/\" target=\"_blank\" rel=\"noopener nofollow\">Jorge Mart\u00edn<\/a> a l&rsquo;intention de quitter Aprilia \u00e0 la fin de la saison, en profitant d&rsquo;une clause de son contrat le lib\u00e9rant de sa deuxi\u00e8me ann\u00e9e (2026) s&rsquo;il ne termine pas parmi les premiers du championnat apr\u00e8s le Grand Prix de France.<\/p>\n<p>Techniquement, l&rsquo;accord sign\u00e9 entre Aprilia et le champion du monde en titre en ce lendemain fr\u00e9n\u00e9tique du Grand Prix d&rsquo;Italie 2024 ne les lient pas pour une deuxi\u00e8me saison. <strong>Motorsport.com<\/strong> comprend en effet que dans la version accept\u00e9e par Aprilia, les agents de Mart\u00edn ont inclus une clause selon laquelle leur client serait absolument libre d&rsquo;accepter et de signer toute proposition de la concurrence s&rsquo;il ne figurait pas parmi les pr\u00e9tendants au titre \u00e0 l&rsquo;issue du Grand Prix de France, qui a eu lieu dimanche au Mans.<\/p>\n<p>Les blessures r\u00e9p\u00e9t\u00e9es de Mart\u00edn depuis le d\u00e9but de l&rsquo;ann\u00e9e, qui l&rsquo;ont emp\u00each\u00e9 de participer \u00e0 cinq des six Grands Prix disput\u00e9s \u00e0 ce jour, font qu&rsquo;il n&rsquo;a pas pu marquer le moindre point et qu&rsquo;il est aujourd&rsquo;hui dernier du championnat, ce qui rentre donc dans ce cadre.<\/p>\n<p>Ce sc\u00e9nario, difficilement pr\u00e9visible lorsque Mart\u00edn et Aprilia se sont associ\u00e9s au d\u00e9but du mois de juin 2024, risque de provoquer un choc totalement inattendu sur le march\u00e9. Aprilia n&rsquo;a toutefois pas l&rsquo;intention de rester les bras crois\u00e9s et de laisser s&rsquo;en aller celui sur qui la marque pariait pour mener son projet MotoGP, sans qu&rsquo;il ait m\u00eame pu v\u00e9ritablement courir.<\/p>\n<p>Les deux blessures subies par le champion du monde pendant la pr\u00e9-saison l&rsquo;ont emp\u00each\u00e9 de participer aux trois premiers Grands Prix de l&rsquo;ann\u00e9e, en Tha\u00eflande, en Argentine et au Texas. Il est r\u00e9apparu au Qatar, sans \u00eatre encore totalement r\u00e9tabli, et s&rsquo;y est \u00e0 nouveau gravement bless\u00e9, au point de devoir rester hospitalis\u00e9 \u00e0 Doha pendant pr\u00e8s de deux semaines pour soigner un h\u00e9mopneumothorax et de multiples fractures aux c\u00f4tes. On attend \u00e0 pr\u00e9sent de savoir quelle sera son \u00e9volution au cours des prochaines semaines, mais il semble peu probable qu&rsquo;il soit en mesure de revenir avant le Grand Prix d&rsquo;Allemagne, 11e manche de la saison, qui est pr\u00e9vue du 11 au 13 juillet.<\/p>\n<p>   <img decoding=\"async\" draggable=\"false\" src=\"https:\/\/www.europesays.com\/fr\/wp-content\/uploads\/2025\/05\/jorge-martin-aprilia-racing-te.jpg\" alt=\"Jorge Martin n'a disput\u00e9 qu'un Grand Prix avec Aprilia.\" width=\"1200\" height=\"800\" loading=\"lazy\"\/> <\/p>\n<p class=\"title\">Jorge Mart\u00edn n&rsquo;a disput\u00e9 qu&rsquo;un Grand Prix avec Aprilia.<\/p>\n<p class=\"photographer\">Photo de: Gold and Goose Photography \/ LAT Images \/ via Getty Images<\/p>\n<p>S&rsquo;il partait, o\u00f9 irait-il ? La situation contractuelle de la plupart des pilotes de la grille limite le nombre de destinations possibles pour Jorge Mart\u00edn. La plus logique serait qu&rsquo;il rejoigne Honda, \u00e9tant donn\u00e9 que le contrat de <a href=\"https:\/\/fr.motorsport.com\/driver\/luca-marini\/201098\/\" target=\"_blank\" rel=\"noopener nofollow\">Luca Marini<\/a> avec la marque \u00e0 l&rsquo;aile dor\u00e9e se termine \u00e0 la fin de cette ann\u00e9e. Il est \u00e9vident cependant que Honda n&rsquo;a pas l&rsquo;intention de faire la moindre d\u00e9claration tant que Mart\u00edn n&rsquo;aura pas r\u00e9solu cette crise ouverte avec Aprilia et ne sera pas libre.<\/p>\n<p>Aprilia est au courant des intentions de Mart\u00edn<\/p>\n<p>D&rsquo;apr\u00e8s les informations de <strong>Motorsport.com<\/strong>, Jorge Mart\u00edn \u00e9tait pr\u00e9sent au Mans vendredi, o\u00f9 il est arriv\u00e9 en voiture depuis son domicile en Andorre. Il ne s&rsquo;est pas montr\u00e9 au circuit en marge de ce Grand Prix de France, afin de ne pas \u00e9veiller les soup\u00e7ons, mais il a particip\u00e9 \u00e0 plusieurs r\u00e9unions.<\/p>\n<p>Il a d\u00e9jeun\u00e9 avec son \u00e9quipe et a fait part aux responsables d&rsquo;Aprilia de son intention d&rsquo;ex\u00e9cuter la clause lib\u00e9ratoire en vue de 2026. La nouvelle, comme on peut s&rsquo;en douter, a laiss\u00e9 les dirigeants de Noale en \u00e9tat de choc. Ceux-ci envisagent de riposter par un recours en justice pour rupture de contrat si le processus devait se poursuivre.<\/p>\n<p>Toutefois, par respect pour Aprilia, Mart\u00edn est pr\u00eat \u00e0 reporter cette sorte de p\u00e9riode d&rsquo;essai de six Grands Prix pour qu&rsquo;elle s&rsquo;applique jusqu&rsquo;au Grand Prix de Saint-Marin, 16e manche du championnat qui se tiendra en septembre. Il pourrait aussi r\u00e9aliser un test avant son retour de blessure, <a href=\"https:\/\/fr.motorsport.com\/motogp\/news\/reglement-motogp-valide-test-retour-pilotes-blesses\/10720141\/\" target=\"_self\" rel=\"noopener nofollow\">comme l&rsquo;y autorise \u00e0 pr\u00e9sent le r\u00e8glement<\/a>, afin de faire son retour au meilleur de sa forme.<\/p>\n<p>Aprilia, de son c\u00f4t\u00e9, pense avoir des raisons l\u00e9gales de bloquer l&rsquo;\u00e9ventuel d\u00e9part du pilote, estimant que son absence pour blessure rend cette clause nulle et non avenue et qu&rsquo;il n&rsquo;y a aucune raison de reporter cette p\u00e9riode d&rsquo;\u00e9valuation.<\/p>\n<p>Le Madril\u00e8ne a suivi de pr\u00e8s l&rsquo;\u00e9volution des autres pilotes de l&rsquo;usine et estime que la RS-GP n&rsquo;est pas \u00e0 la hauteur de ce qu&rsquo;Aprilia lui avait promis lorsqu&rsquo;elle l&rsquo;a persuad\u00e9 de rejoindre l&rsquo;usine. <a href=\"https:\/\/fr.motorsport.com\/driver\/marco-bezzecchi\/441839\/\" target=\"_blank\" rel=\"noopener nofollow\">Marco Bezzecchi<\/a>, son co\u00e9quipier dans l&rsquo;\u00e9quipe officielle, n&rsquo;a pas encore r\u00e9ussi \u00e0 monter sur le podium. Le premier repr\u00e9sentant de la marque au championnat est le rookie <a href=\"https:\/\/fr.motorsport.com\/driver\/ai-ogura\/471489\/\" target=\"_blank\" rel=\"noopener nofollow\">Ai Ogura<\/a>, dixi\u00e8me, tandis que l&rsquo;Italien est 12e \u00e0 133 points du leader <a href=\"https:\/\/fr.motorsport.com\/driver\/marc-marquez\/92646\/\" target=\"_blank\" rel=\"noopener nofollow\">Marc M\u00e1rquez<\/a>. Les r\u00e9sultats actuels d&rsquo;Aprilia laissent m\u00eame penser que le constructeurs pourrait rejoindre Honda et Yamaha dans le dernier groupe de concessions cet \u00e9t\u00e9.<\/p>\n<p>Lire aussi :<\/p>\n<p>Dans cet article<\/p>\n<p>    Germ\u00e1n Garcia Casanova\n<\/p>\n<p>    MotoGP\n<\/p>\n<p>    Jorge Mart\u00edn\n<\/p>\n<p>    Aprilia Racing Team\n<\/p>\n<p>Soyez le premier inform\u00e9 et souscrivez aux alertes mails pour recevoir les infos en temps r\u00e9el<\/p>\n<p>    S&rsquo;abonner aux alertes de news<\/p>\n","protected":false},"excerpt":{"rendered":"D&rsquo;apr\u00e8s les informations de Motorsport.com, Jorge Mart\u00edn a l&rsquo;intention de quitter Aprilia \u00e0 la fin de la saison,&hellip;\n","protected":false},"author":2,"featured_media":93915,"comment_status":"","ping_status":"","sticky":false,"template":"","format":"standard","meta":{"footnotes":""},"categories":[1413],"tags":[3563,1011,27,3564,1457,1456,1458,60],"class_list":{"0":"post-93914","1":"post","2":"type-post","3":"status-publish","4":"format-standard","5":"has-post-thumbnail","7":"category-moto","8":"tag-aprilia-racing-team","9":"tag-fr","10":"tag-france","11":"tag-jorge-martu00edn","12":"tag-moto","13":"tag-motocycle","14":"tag-motogp","15":"tag-sports"},"share_on_mastodon":{"url":"https:\/\/pubeurope.com\/@fr\/114494236581774910","error":""},"_links":{"self":[{"href":"https:\/\/www.europesays.com\/fr\/wp-json\/wp\/v2\/posts\/93914","targetHints":{"allow":["GET"]}}],"collection":[{"href":"https:\/\/www.europesays.com\/fr\/wp-json\/wp\/v2\/posts"}],"about":[{"href":"https:\/\/www.europesays.com\/fr\/wp-json\/wp\/v2\/types\/post"}],"author":[{"embeddable":true,"href":"https:\/\/www.europesays.com\/fr\/wp-json\/wp\/v2\/users\/2"}],"replies":[{"embeddable":true,"href":"https:\/\/www.europesays.com\/fr\/wp-json\/wp\/v2\/comments?post=93914"}],"version-history":[{"count":0,"href":"https:\/\/www.europesays.com\/fr\/wp-json\/wp\/v2\/posts\/93914\/revisions"}],"wp:featuredmedia":[{"embeddable":true,"href":"https:\/\/www.europesays.com\/fr\/wp-json\/wp\/v2\/media\/93915"}],"wp:attachment":[{"href":"https:\/\/www.europesays.com\/fr\/wp-json\/wp\/v2\/media?parent=93914"}],"wp:term":[{"taxonomy":"category","embeddable":true,"href":"https:\/\/www.europesays.com\/fr\/wp-json\/wp\/v2\/categories?post=93914"},{"taxonomy":"post_tag","embeddable":true,"href":"https:\/\/www.europesays.com\/fr\/wp-json\/wp\/v2\/tags?post=93914"}],"curies":[{"name":"wp","href":"https:\/\/api.w.org\/{rel}","templated":true}]}}