{"id":9392,"date":"2025-04-08T04:50:12","date_gmt":"2025-04-08T04:50:12","guid":{"rendered":"https:\/\/www.europesays.com\/fr\/9392\/"},"modified":"2025-04-08T04:50:12","modified_gmt":"2025-04-08T04:50:12","slug":"atp-bernard-tomic-sinner-mensik-ils-frappent-fort-mais-ils-sont-encore-bien-loin-de-federer-nadal-djokovic-murray-berdych-del-potro-face-a-eux-jai-vecu-lage-dor-du-tennis","status":"publish","type":"post","link":"https:\/\/www.europesays.com\/fr\/9392\/","title":{"rendered":"ATP > Bernard Tomic : \u00ab\u00a0Sinner, Mensik, ils frappent fort, mais ils sont encore bien loin de Federer, Nadal, Djokovic, Murray, Berdych, Del Potro, face \u00e0 eux, j&rsquo;ai v\u00e9cu l&rsquo;\u00e2ge d&rsquo;or du tennis\u00a0\u00bb"},"content":{"rendered":"<p>Bernard Tomic s\u2019est souvenu de sa plus belle p\u00e9riode o\u00f9 il \u00e9tait 17\u00e8me mondial. C\u2019\u00e9tait en janvier 2016, une \u00e9ter\u00adnit\u00e9. Anaysant le tennis actuel, il s\u2019est dit admi\u00adratif de ce que propose Sinner et compa\u00adgnie m\u00eame si pour lui c\u2019est encore tr\u00e8s loin du niveau qu\u2019il a v\u00e9cu quand il \u00e9tait \u00e0 son sommet.<\/p>\n<p>\u00ab\u202f<strong>Je regarde Sinner, je regarde Mensik. Ces gars\u2010l\u00e0 frappent la balle comme des fous et bien s\u00fbr, frapper la balle avec pr\u00e9ci\u00adsion est un avan\u00adtage au tennis. Sinner et ces gars\u2010l\u00e0, ce sont de grands cham\u00adpions, la fa\u00e7on dont ils frappent la balle est compl\u00e8\u00adte\u00adment folle et la fa\u00e7on dont ils se d\u00e9placent aussi\u202f\u00bb. Cependant, cette g\u00e9n\u00e9\u00adra\u00adtion actuelle est encore loin du niveau atteint lorsque Roger et Rafa r\u00e9gnaient sur le circuit. \u00c0 l\u2019\u00e9poque o\u00f9 j\u2019\u00e9tais dans le top 20, le top 10, c\u2019\u00e9tait une p\u00e9riode plus diffi\u00adcile. Avec Federer, Nadal, Djokovic, Murray, tous ces gars, Berdych, Del Potro, je pense que c\u2019\u00e9tait l\u2019\u00e2ge d\u2019or du tennis\u202f\u00bb<\/strong><\/p>\n<p>Actuellement Bernard Tomic est 214\u00e8me au clas\u00adse\u00adment ATP et visi\u00adble\u00adment il n\u2019a pas envie d\u2019ar\u00adr\u00eater sa carrri\u00e8re.<\/p>\n<p class=\"post-published-date\" style=\"color: silver; font-size: 75%; text-align: left;\">Publi\u00e9 le dimanche 6 avril 2025 \u00e0 10:43<\/p>\n","protected":false},"excerpt":{"rendered":"Bernard Tomic s\u2019est souvenu de sa plus belle p\u00e9riode o\u00f9 il \u00e9tait 17\u00e8me mondial. C\u2019\u00e9tait en janvier 2016,&hellip;\n","protected":false},"author":2,"featured_media":9393,"comment_status":"","ping_status":"","sticky":false,"template":"","format":"standard","meta":{"footnotes":""},"categories":[1415],"tags":[4737,4738,105,2199,1011,27,1960,2127,60,1467],"class_list":{"0":"post-9392","1":"post","2":"type-post","3":"status-publish","4":"format-standard","5":"has-post-thumbnail","7":"category-tennis","8":"tag-andy-murray","9":"tag-del-potro","10":"tag-djokovic","11":"tag-federer","12":"tag-fr","13":"tag-france","14":"tag-nadal","15":"tag-sinner","16":"tag-sports","17":"tag-tennis"},"share_on_mastodon":{"url":"https:\/\/pubeurope.com\/@fr\/114300546137794721","error":""},"_links":{"self":[{"href":"https:\/\/www.europesays.com\/fr\/wp-json\/wp\/v2\/posts\/9392","targetHints":{"allow":["GET"]}}],"collection":[{"href":"https:\/\/www.europesays.com\/fr\/wp-json\/wp\/v2\/posts"}],"about":[{"href":"https:\/\/www.europesays.com\/fr\/wp-json\/wp\/v2\/types\/post"}],"author":[{"embeddable":true,"href":"https:\/\/www.europesays.com\/fr\/wp-json\/wp\/v2\/users\/2"}],"replies":[{"embeddable":true,"href":"https:\/\/www.europesays.com\/fr\/wp-json\/wp\/v2\/comments?post=9392"}],"version-history":[{"count":0,"href":"https:\/\/www.europesays.com\/fr\/wp-json\/wp\/v2\/posts\/9392\/revisions"}],"wp:featuredmedia":[{"embeddable":true,"href":"https:\/\/www.europesays.com\/fr\/wp-json\/wp\/v2\/media\/9393"}],"wp:attachment":[{"href":"https:\/\/www.europesays.com\/fr\/wp-json\/wp\/v2\/media?parent=9392"}],"wp:term":[{"taxonomy":"category","embeddable":true,"href":"https:\/\/www.europesays.com\/fr\/wp-json\/wp\/v2\/categories?post=9392"},{"taxonomy":"post_tag","embeddable":true,"href":"https:\/\/www.europesays.com\/fr\/wp-json\/wp\/v2\/tags?post=9392"}],"curies":[{"name":"wp","href":"https:\/\/api.w.org\/{rel}","templated":true}]}}